{"id":677,"date":"2025-03-23T22:32:22","date_gmt":"2025-03-23T22:32:22","guid":{"rendered":"https:\/\/noticiasdeescobar.online\/?p=677"},"modified":"2025-03-24T00:57:42","modified_gmt":"2025-03-24T00:57:42","slug":"choco-contra-un-jardin-de-infantes-sera-ancionado","status":"publish","type":"post","link":"https:\/\/noticiasdeescobar.online\/?p=677","title":{"rendered":"Choc\u00f3 contra un jard\u00edn de infantes: ser\u00e1 sancionado"},"content":{"rendered":"\n<p class=\"has-vivid-cyan-blue-color has-text-color has-link-color wp-elements-eb31347aca947e8ab5fbd8cd4bf4f9fd\"><strong><em>No habr\u00e1 clases este martes. Ocurri\u00f3 en el jard\u00edn El Cedro, en la calle Mendoza de Ingeniero Maschwitz. <\/em><\/strong><\/p>\n\n\n\n<!--more-->\n\n\n\n<p><\/p>\n\n\n\n<p>La Municipalidad de Escobar sancionar\u00e1 al conductor de un Mercedes-Benz GLC, que colision\u00f3 contra un poste de luz y luego se incrust\u00f3 en el Jard\u00edn de Infantes Municipal &#8220;El Cedro&#8221;, causando da\u00f1os en la estructura edilicia sin provocar heridos. El incidente ocurri\u00f3 entre las 3:30 y las 4:00 de la madrugada de este domingo, en la esquina de Independencia y Mendoza, en Ingeniero Maschwitz.<\/p>\n\n\n<div class=\"wp-block-image\">\n<figure class=\"aligncenter size-large\"><img loading=\"lazy\" decoding=\"async\" width=\"1024\" height=\"576\" src=\"https:\/\/noticiasdeescobar.online\/wp-content\/uploads\/2025\/03\/jardin_auto-1024x576.jpeg\" alt=\"\" class=\"wp-image-680\" srcset=\"https:\/\/noticiasdeescobar.online\/wp-content\/uploads\/2025\/03\/jardin_auto-1024x576.jpeg 1024w, https:\/\/noticiasdeescobar.online\/wp-content\/uploads\/2025\/03\/jardin_auto-300x169.jpeg 300w, https:\/\/noticiasdeescobar.online\/wp-content\/uploads\/2025\/03\/jardin_auto-768x432.jpeg 768w, https:\/\/noticiasdeescobar.online\/wp-content\/uploads\/2025\/03\/jardin_auto.jpeg 1280w\" sizes=\"auto, (max-width: 1024px) 100vw, 1024px\" \/><\/figure><\/div>\n\n\n<p>Si bien el conductor ten\u00eda su documentaci\u00f3n en regla, la Secretar\u00eda de Inspecci\u00f3n realiz\u00f3 una contravenci\u00f3n por da\u00f1os al patrimonio p\u00fablico en cumplimiento con la Ordenanza 5039\/12 y Tr\u00e1nsito procedi\u00f3 a retener el veh\u00edculo. Las actas ya fueron elevadas a la Secretar\u00eda Contravencional del Municipio para su evaluaci\u00f3n y podr\u00edan derivar en una multa que depender\u00e1 de los costos que devengan de las reparaciones y trabajos a realizar para volver a poner en condiciones la estructura que fue da\u00f1ada.<\/p>\n\n\n\n<figure class=\"wp-block-image size-large\"><img loading=\"lazy\" decoding=\"async\" width=\"1024\" height=\"768\" src=\"https:\/\/noticiasdeescobar.online\/wp-content\/uploads\/2025\/03\/jardin_2-1024x768.jpeg\" alt=\"\" class=\"wp-image-678\" srcset=\"https:\/\/noticiasdeescobar.online\/wp-content\/uploads\/2025\/03\/jardin_2-1024x768.jpeg 1024w, https:\/\/noticiasdeescobar.online\/wp-content\/uploads\/2025\/03\/jardin_2-300x225.jpeg 300w, https:\/\/noticiasdeescobar.online\/wp-content\/uploads\/2025\/03\/jardin_2-768x576.jpeg 768w, https:\/\/noticiasdeescobar.online\/wp-content\/uploads\/2025\/03\/jardin_2-1536x1152.jpeg 1536w, https:\/\/noticiasdeescobar.online\/wp-content\/uploads\/2025\/03\/jardin_2.jpeg 1600w\" sizes=\"auto, (max-width: 1024px) 100vw, 1024px\" \/><\/figure>\n\n\n\n<p>Personal de la Agencia Municipal de Tr\u00e1nsito y Transporte acudieron al lugar tras un llamado al 911, donde ya se encontraba la Polic\u00eda Municipal y Guardia Urbana. Al arribar, encontraron al conductor ileso y le ofrecieron asistencia m\u00e9dica para confirmar que no presentaba heridas. Seg\u00fan su declaraci\u00f3n, el accidente habr\u00eda ocurri\u00f3 debido al asfalto mojado, lo que provoc\u00f3 que perdiera el control del veh\u00edculo. No obstante, por la magnitud del impacto, no se descarta que el hecho haya ocurrido por transitar a alta velocidad.<\/p>\n\n\n\n<p>Por otro lado, el Municipio comenz\u00f3 los trabajos de reparaci\u00f3n de la infraestructura y reconstrucci\u00f3n del muro del jard\u00edn. Debido a estas tareas, dos cursos del establecimiento no tendr\u00e1n clases este martes.<\/p>\n","protected":false},"excerpt":{"rendered":"<p>No habr\u00e1 clases este martes. Ocurri\u00f3 en el jard\u00edn El Cedro, en la calle Mendoza de Ingeniero Maschwitz.<\/p>\n","protected":false},"author":1,"featured_media":679,"comment_status":"open","ping_status":"open","sticky":false,"template":"","format":"standard","meta":{"_monsterinsights_skip_tracking":false,"_monsterinsights_sitenote_active":false,"_monsterinsights_sitenote_note":"","_monsterinsights_sitenote_category":0,"footnotes":""},"categories":[6],"tags":[],"class_list":["post-677","post","type-post","status-publish","format-standard","has-post-thumbnail","hentry","category-interes-general"],"yoast_head":"<!-- This site is optimized with the Yoast SEO plugin v25.3.1 - https:\/\/yoast.com\/wordpress\/plugins\/seo\/ -->\n<title>Choc\u00f3 contra un jard\u00edn de infantes: ser\u00e1 sancionado - Noticias de Escobar<\/title>\n<meta name=\"robots\" content=\"index, follow, max-snippet:-1, max-image-preview:large, max-video-preview:-1\" \/>\n<link rel=\"canonical\" href=\"https:\/\/noticiasdeescobar.online\/?p=677\" \/>\n<meta property=\"og:locale\" content=\"es_ES\" \/>\n<meta property=\"og:type\" content=\"article\" \/>\n<meta property=\"og:title\" content=\"Choc\u00f3 contra un jard\u00edn de infantes: ser\u00e1 sancionado - Noticias de Escobar\" \/>\n<meta property=\"og:description\" content=\"No habr\u00e1 clases este martes. Ocurri\u00f3 en el jard\u00edn El Cedro, en la calle Mendoza de Ingeniero Maschwitz.\" \/>\n<meta property=\"og:url\" content=\"https:\/\/noticiasdeescobar.online\/?p=677\" \/>\n<meta property=\"og:site_name\" content=\"Noticias de Escobar\" \/>\n<meta property=\"article:published_time\" content=\"2025-03-23T22:32:22+00:00\" \/>\n<meta property=\"article:modified_time\" content=\"2025-03-24T00:57:42+00:00\" \/>\n<meta property=\"og:image\" content=\"https:\/\/noticiasdeescobar.online\/wp-content\/uploads\/2025\/03\/jardin_3.jpeg\" \/>\n\t<meta property=\"og:image:width\" content=\"1595\" \/>\n\t<meta property=\"og:image:height\" content=\"957\" \/>\n\t<meta property=\"og:image:type\" content=\"image\/jpeg\" \/>\n<meta name=\"author\" content=\"Redacci\u00f3n\" \/>\n<meta name=\"twitter:card\" content=\"summary_large_image\" \/>\n<meta name=\"twitter:label1\" content=\"Escrito por\" \/>\n\t<meta name=\"twitter:data1\" content=\"Redacci\u00f3n\" \/>\n\t<meta name=\"twitter:label2\" content=\"Tiempo de lectura\" \/>\n\t<meta name=\"twitter:data2\" content=\"2 minutos\" \/>\n<script type=\"application\/ld+json\" class=\"yoast-schema-graph\">{\"@context\":\"https:\/\/schema.org\",\"@graph\":[{\"@type\":\"WebPage\",\"@id\":\"https:\/\/noticiasdeescobar.online\/?p=677\",\"url\":\"https:\/\/noticiasdeescobar.online\/?p=677\",\"name\":\"Choc\u00f3 contra un jard\u00edn de infantes: ser\u00e1 sancionado - Noticias de Escobar\",\"isPartOf\":{\"@id\":\"https:\/\/noticiasdeescobar.online\/#website\"},\"primaryImageOfPage\":{\"@id\":\"https:\/\/noticiasdeescobar.online\/?p=677#primaryimage\"},\"image\":{\"@id\":\"https:\/\/noticiasdeescobar.online\/?p=677#primaryimage\"},\"thumbnailUrl\":\"https:\/\/noticiasdeescobar.online\/wp-content\/uploads\/2025\/03\/jardin_3.jpeg\",\"datePublished\":\"2025-03-23T22:32:22+00:00\",\"dateModified\":\"2025-03-24T00:57:42+00:00\",\"author\":{\"@id\":\"https:\/\/noticiasdeescobar.online\/#\/schema\/person\/c80a19151f9337b50a779fe1f512ca6a\"},\"breadcrumb\":{\"@id\":\"https:\/\/noticiasdeescobar.online\/?p=677#breadcrumb\"},\"inLanguage\":\"es-AR\",\"potentialAction\":[{\"@type\":\"ReadAction\",\"target\":[\"https:\/\/noticiasdeescobar.online\/?p=677\"]}]},{\"@type\":\"ImageObject\",\"inLanguage\":\"es-AR\",\"@id\":\"https:\/\/noticiasdeescobar.online\/?p=677#primaryimage\",\"url\":\"https:\/\/noticiasdeescobar.online\/wp-content\/uploads\/2025\/03\/jardin_3.jpeg\",\"contentUrl\":\"https:\/\/noticiasdeescobar.online\/wp-content\/uploads\/2025\/03\/jardin_3.jpeg\",\"width\":1595,\"height\":957},{\"@type\":\"BreadcrumbList\",\"@id\":\"https:\/\/noticiasdeescobar.online\/?p=677#breadcrumb\",\"itemListElement\":[{\"@type\":\"ListItem\",\"position\":1,\"name\":\"Inicio\",\"item\":\"https:\/\/noticiasdeescobar.online\/\"},{\"@type\":\"ListItem\",\"position\":2,\"name\":\"Choc\u00f3 contra un jard\u00edn de infantes: ser\u00e1 sancionado\"}]},{\"@type\":\"WebSite\",\"@id\":\"https:\/\/noticiasdeescobar.online\/#website\",\"url\":\"https:\/\/noticiasdeescobar.online\/\",\"name\":\"Noticias de Escobar\",\"description\":\"Noticias 24\/7\",\"potentialAction\":[{\"@type\":\"SearchAction\",\"target\":{\"@type\":\"EntryPoint\",\"urlTemplate\":\"https:\/\/noticiasdeescobar.online\/?s={search_term_string}\"},\"query-input\":{\"@type\":\"PropertyValueSpecification\",\"valueRequired\":true,\"valueName\":\"search_term_string\"}}],\"inLanguage\":\"es-AR\"},{\"@type\":\"Person\",\"@id\":\"https:\/\/noticiasdeescobar.online\/#\/schema\/person\/c80a19151f9337b50a779fe1f512ca6a\",\"name\":\"Redacci\u00f3n\",\"image\":{\"@type\":\"ImageObject\",\"inLanguage\":\"es-AR\",\"@id\":\"https:\/\/noticiasdeescobar.online\/#\/schema\/person\/image\/\",\"url\":\"https:\/\/secure.gravatar.com\/avatar\/1db77a0acc41b20b8cbce542c0459eb4?s=96&d=mm&r=g\",\"contentUrl\":\"https:\/\/secure.gravatar.com\/avatar\/1db77a0acc41b20b8cbce542c0459eb4?s=96&d=mm&r=g\",\"caption\":\"Redacci\u00f3n\"},\"sameAs\":[\"http:\/\/noticiasdeescobar.online\"],\"url\":\"https:\/\/noticiasdeescobar.online\/?author=1\"}]}<\/script>\n<!-- \/ Yoast SEO plugin. -->","yoast_head_json":{"title":"Choc\u00f3 contra un jard\u00edn de infantes: ser\u00e1 sancionado - Noticias de Escobar","robots":{"index":"index","follow":"follow","max-snippet":"max-snippet:-1","max-image-preview":"max-image-preview:large","max-video-preview":"max-video-preview:-1"},"canonical":"https:\/\/noticiasdeescobar.online\/?p=677","og_locale":"es_ES","og_type":"article","og_title":"Choc\u00f3 contra un jard\u00edn de infantes: ser\u00e1 sancionado - Noticias de Escobar","og_description":"No habr\u00e1 clases este martes. Ocurri\u00f3 en el jard\u00edn El Cedro, en la calle Mendoza de Ingeniero Maschwitz.","og_url":"https:\/\/noticiasdeescobar.online\/?p=677","og_site_name":"Noticias de Escobar","article_published_time":"2025-03-23T22:32:22+00:00","article_modified_time":"2025-03-24T00:57:42+00:00","og_image":[{"width":1595,"height":957,"url":"https:\/\/noticiasdeescobar.online\/wp-content\/uploads\/2025\/03\/jardin_3.jpeg","type":"image\/jpeg"}],"author":"Redacci\u00f3n","twitter_card":"summary_large_image","twitter_misc":{"Escrito por":"Redacci\u00f3n","Tiempo de lectura":"2 minutos"},"schema":{"@context":"https:\/\/schema.org","@graph":[{"@type":"WebPage","@id":"https:\/\/noticiasdeescobar.online\/?p=677","url":"https:\/\/noticiasdeescobar.online\/?p=677","name":"Choc\u00f3 contra un jard\u00edn de infantes: ser\u00e1 sancionado - Noticias de Escobar","isPartOf":{"@id":"https:\/\/noticiasdeescobar.online\/#website"},"primaryImageOfPage":{"@id":"https:\/\/noticiasdeescobar.online\/?p=677#primaryimage"},"image":{"@id":"https:\/\/noticiasdeescobar.online\/?p=677#primaryimage"},"thumbnailUrl":"https:\/\/noticiasdeescobar.online\/wp-content\/uploads\/2025\/03\/jardin_3.jpeg","datePublished":"2025-03-23T22:32:22+00:00","dateModified":"2025-03-24T00:57:42+00:00","author":{"@id":"https:\/\/noticiasdeescobar.online\/#\/schema\/person\/c80a19151f9337b50a779fe1f512ca6a"},"breadcrumb":{"@id":"https:\/\/noticiasdeescobar.online\/?p=677#breadcrumb"},"inLanguage":"es-AR","potentialAction":[{"@type":"ReadAction","target":["https:\/\/noticiasdeescobar.online\/?p=677"]}]},{"@type":"ImageObject","inLanguage":"es-AR","@id":"https:\/\/noticiasdeescobar.online\/?p=677#primaryimage","url":"https:\/\/noticiasdeescobar.online\/wp-content\/uploads\/2025\/03\/jardin_3.jpeg","contentUrl":"https:\/\/noticiasdeescobar.online\/wp-content\/uploads\/2025\/03\/jardin_3.jpeg","width":1595,"height":957},{"@type":"BreadcrumbList","@id":"https:\/\/noticiasdeescobar.online\/?p=677#breadcrumb","itemListElement":[{"@type":"ListItem","position":1,"name":"Inicio","item":"https:\/\/noticiasdeescobar.online\/"},{"@type":"ListItem","position":2,"name":"Choc\u00f3 contra un jard\u00edn de infantes: ser\u00e1 sancionado"}]},{"@type":"WebSite","@id":"https:\/\/noticiasdeescobar.online\/#website","url":"https:\/\/noticiasdeescobar.online\/","name":"Noticias de Escobar","description":"Noticias 24\/7","potentialAction":[{"@type":"SearchAction","target":{"@type":"EntryPoint","urlTemplate":"https:\/\/noticiasdeescobar.online\/?s={search_term_string}"},"query-input":{"@type":"PropertyValueSpecification","valueRequired":true,"valueName":"search_term_string"}}],"inLanguage":"es-AR"},{"@type":"Person","@id":"https:\/\/noticiasdeescobar.online\/#\/schema\/person\/c80a19151f9337b50a779fe1f512ca6a","name":"Redacci\u00f3n","image":{"@type":"ImageObject","inLanguage":"es-AR","@id":"https:\/\/noticiasdeescobar.online\/#\/schema\/person\/image\/","url":"https:\/\/secure.gravatar.com\/avatar\/1db77a0acc41b20b8cbce542c0459eb4?s=96&d=mm&r=g","contentUrl":"https:\/\/secure.gravatar.com\/avatar\/1db77a0acc41b20b8cbce542c0459eb4?s=96&d=mm&r=g","caption":"Redacci\u00f3n"},"sameAs":["http:\/\/noticiasdeescobar.online"],"url":"https:\/\/noticiasdeescobar.online\/?author=1"}]}},"_links":{"self":[{"href":"https:\/\/noticiasdeescobar.online\/index.php?rest_route=\/wp\/v2\/posts\/677","targetHints":{"allow":["GET"]}}],"collection":[{"href":"https:\/\/noticiasdeescobar.online\/index.php?rest_route=\/wp\/v2\/posts"}],"about":[{"href":"https:\/\/noticiasdeescobar.online\/index.php?rest_route=\/wp\/v2\/types\/post"}],"author":[{"embeddable":true,"href":"https:\/\/noticiasdeescobar.online\/index.php?rest_route=\/wp\/v2\/users\/1"}],"replies":[{"embeddable":true,"href":"https:\/\/noticiasdeescobar.online\/index.php?rest_route=%2Fwp%2Fv2%2Fcomments&post=677"}],"version-history":[{"count":2,"href":"https:\/\/noticiasdeescobar.online\/index.php?rest_route=\/wp\/v2\/posts\/677\/revisions"}],"predecessor-version":[{"id":688,"href":"https:\/\/noticiasdeescobar.online\/index.php?rest_route=\/wp\/v2\/posts\/677\/revisions\/688"}],"wp:featuredmedia":[{"embeddable":true,"href":"https:\/\/noticiasdeescobar.online\/index.php?rest_route=\/wp\/v2\/media\/679"}],"wp:attachment":[{"href":"https:\/\/noticiasdeescobar.online\/index.php?rest_route=%2Fwp%2Fv2%2Fmedia&parent=677"}],"wp:term":[{"taxonomy":"category","embeddable":true,"href":"https:\/\/noticiasdeescobar.online\/index.php?rest_route=%2Fwp%2Fv2%2Fcategories&post=677"},{"taxonomy":"post_tag","embeddable":true,"href":"https:\/\/noticiasdeescobar.online\/index.php?rest_route=%2Fwp%2Fv2%2Ftags&post=677"}],"curies":[{"name":"wp","href":"https:\/\/api.w.org\/{rel}","templated":true}]}}