{"id":689,"date":"2025-03-24T12:53:11","date_gmt":"2025-03-24T12:53:11","guid":{"rendered":"https:\/\/noticiasdeescobar.online\/?p=689"},"modified":"2025-03-24T12:56:36","modified_gmt":"2025-03-24T12:56:36","slug":"recordamos-al-anorado-hoy-mas-que-nunca-y-corajudo-director-de-el-actual-tilo-wenner-a-49-anos-de-su-forzada-desaparicion","status":"publish","type":"post","link":"https:\/\/noticiasdeescobar.online\/?p=689","title":{"rendered":"Recordamos al a\u00f1orado \u2013 hoy m\u00e1s que nunca \u2013 y corajudo director de \u201cEl Actual\u201d, Tilo Wenner, a 49 a\u00f1os de su forzada desaparici\u00f3n"},"content":{"rendered":"\n<p>Esta nota es para honrarle memoria, de uno de los \u00faltimos periodistas verdaderamente independientes, que ejerci\u00f3 en nuestro pueblo, antes del comienzo de la barbarie de 1976. Por Alfredo Melidore (*).<\/p>\n\n\n\n<!--more-->\n\n\n\n<p>En estos d\u00edas, se est\u00e1n cumpliendo 49 a\u00f1os de la desaparici\u00f3n del malogrado periodista Tilo Arenst Wenner, director y fundador del quincenario \u201c El Actual \u201d, recordado peri\u00f3dico que circul\u00f3 durante casi 12 a\u00f1os en Bel\u00e9n de Escobar, en \u00e9pocas en que todav\u00eda nuestra ciudad, manten\u00eda muchas cosas que lo identificaban con la idiosincrasia de un pueblo, casi de campa\u00f1a.<\/p>\n\n\n\n<p>Tilo Wenner, ten\u00eda instalada la imprenta de su propiedad, denominada \u201cRayo\u201d, en la antigua edificaci\u00f3n que se ubicaba en la esquina de las calles Marconi ( hoy Edilfredo Ameghino ) y Col\u00f3n, frente a la portada del campo de la Estaci\u00f3n Ferroviaria de Escobar.<\/p>\n\n\n\n<p>All\u00ed, adem\u00e1s de imprimirse \u201cEl Actual\u201d ( ver foto de la tapa ), se realizaban trabajos de imprenta de todo tipo.<\/p>\n\n\n\n<p>En ese recordado medio, que se ocupaba preferentemente de los sucesos locales y de los pueblos vecinos, escribieron, entre muchos otros inspirados colaboradores: Enrique Deppe, Roberto Alifano y Gustavo Bouch\u00f3, este \u00faltimo, creador de una impagable columna titulada \u201cEl Piqu\u00e9 Ins\u00f3lito\u201d, donde se reflejaba el acontecer local, alternando visos de fina iron\u00eda y c\u00e1usticas reflexiones.<\/p>\n\n\n\n<p>La primeras fotos que se publicaron en \u201cEl Actual\u201d, eran tomadas en forma desinteresada por el fot\u00f3grafo Alberto Ranne ( 1926 \u2013 2017 ), quien se hallaba desde 1952, al frente de los Estudios Fotogr\u00e1ficos \u201cSelect\u201d , en la esquina de Dr.Travi y Col\u00f3n, a una cuadra de la mencionada imprenta \u201cRayo\u201d.<\/p>\n\n\n\n<p>Breves datos biogr\u00e1ficos:<\/p>\n\n\n\n<p>Tilo Wenner hab\u00eda nacido en Galarza, provincia de Entre R\u00edos en 1931, hijo de una familia de inmigrantes alemanes.<\/p>\n\n\n\n<p>Estudi\u00f3 medicina en la Universidad de Buenos Aires, abandonando la carrera para viajar por Am\u00e9rica y Europa.<\/p>\n\n\n\n<p>Retorn\u00f3 al pa\u00eds en 1955, comenzando en Buenos Aires, una dilatada carrera como escritor, poeta y periodista, junto a un grupo de intelectuales, entre quienes se encontraban Luis Massa y Hugo Loy\u00e1cono.<\/p>\n\n\n\n<p>Dirigi\u00f3 sucesivamente varias revistas de vanguardia y de intenci\u00f3n experimental.<\/p>\n\n\n<div class=\"wp-block-image\">\n<figure class=\"aligncenter size-full\"><img loading=\"lazy\" decoding=\"async\" width=\"296\" height=\"424\" src=\"https:\/\/noticiasdeescobar.online\/wp-content\/uploads\/2025\/03\/486615232_3849147152004741_8247912546876489593_n.jpg\" alt=\"\" class=\"wp-image-692\" srcset=\"https:\/\/noticiasdeescobar.online\/wp-content\/uploads\/2025\/03\/486615232_3849147152004741_8247912546876489593_n.jpg 296w, https:\/\/noticiasdeescobar.online\/wp-content\/uploads\/2025\/03\/486615232_3849147152004741_8247912546876489593_n-209x300.jpg 209w\" sizes=\"auto, (max-width: 296px) 100vw, 296px\" \/><\/figure><\/div>\n\n\n<p>Su interesante trayectoria como poeta se plasm\u00f3 en catorce vol\u00famenes, donde dejaba entrever una muestra de libertad de lenguaje y una riqueza de pensamiento po\u00e9tico imaginativo, por lo cual se lo relacion\u00f3 con la poes\u00eda surrealista.<\/p>\n\n\n\n<p>Tilo Wenner estaba casado con la vecina de Escobar Eliana Na\u00f3n, de esa uni\u00f3n nacieron sus dos hijas: Liana Gabriela y Ariadna.<\/p>\n\n\n\n<p>El 26 de marzo de 1976, 48 horas despu\u00e9s de producido el tr\u00e1gico golpe de estado, que derroc\u00f3 al gobierno que presid\u00eda la se\u00f1ora de Per\u00f3n, fue secuestrado por uniformados y su voz y la de \u201cEl Actual\u201d, fueron silenciadas para siempre.<\/p>\n\n\n\n<p>Su nombre integr\u00f3 durante algo m\u00e1s de tres d\u00e9cadas, una larga lista de desaparecidos, que enluta a una parte importante y sensible de la historia del periodismo argentino.<\/p>\n\n\n\n<p>Los restos de Tilo Wenner, fueron recuperados por las manos expertas del reconocido Equipo Argentino de Antropolog\u00eda Forense en una tumba N.N. del Cementerio de Escobar, seg\u00fan pudo saberse en 2009, por una nota del diario P\u00e1gina 12.<\/p>\n\n\n<div class=\"wp-block-image\">\n<figure class=\"aligncenter size-full\"><img loading=\"lazy\" decoding=\"async\" width=\"800\" height=\"595\" src=\"https:\/\/noticiasdeescobar.online\/wp-content\/uploads\/2025\/03\/486392172_3849146075338182_3577593492472949574_n.jpg\" alt=\"\" class=\"wp-image-691\" srcset=\"https:\/\/noticiasdeescobar.online\/wp-content\/uploads\/2025\/03\/486392172_3849146075338182_3577593492472949574_n.jpg 800w, https:\/\/noticiasdeescobar.online\/wp-content\/uploads\/2025\/03\/486392172_3849146075338182_3577593492472949574_n-300x223.jpg 300w, https:\/\/noticiasdeescobar.online\/wp-content\/uploads\/2025\/03\/486392172_3849146075338182_3577593492472949574_n-768x571.jpg 768w\" sizes=\"auto, (max-width: 800px) 100vw, 800px\" \/><\/figure><\/div>\n\n\n<p>= == La fotograf\u00eda que acompa\u00f1a esta nota, es todo un documento hist\u00f3rico y fue tomada el d\u00eda de la aparici\u00f3n de \u201cEl Actual\u201d, en noviembre de 1964.<\/p>\n\n\n\n<p>En la misma, brindan en el local de la redacci\u00f3n e imprenta, entre otros: Ivan Salas, Enrique Angel Deppe, Dr. Ra\u00fal Legaria (concejal radical), Carlos Denegri, Mario Fanelli, Antonio Lambertuchi (intendente municipal) Jos\u00e9 Mar\u00eda Casanova ( presidente del Concejo Deliberante), Tilo Wenner y Salvador Na\u00f3n.<\/p>\n\n\n\n<p>Tanto Tilo Wenner como Ivan Salas, fueron desaparecidos por la tr\u00e1gica dictadura instalada en nuestro pa\u00eds, el 24 de marzo de 1976.<\/p>\n\n\n\n<p><\/p>\n\n\n\n<p>* historiandoescobar@hotmail.com<\/p>\n","protected":false},"excerpt":{"rendered":"<p>Esta nota es para honrarle memoria, de uno de los \u00faltimos periodistas verdaderamente independientes, que ejerci\u00f3 en nuestro pueblo, antes&hellip;<\/p>\n","protected":false},"author":1,"featured_media":690,"comment_status":"open","ping_status":"open","sticky":false,"template":"","format":"standard","meta":{"_monsterinsights_skip_tracking":false,"_monsterinsights_sitenote_active":false,"_monsterinsights_sitenote_note":"","_monsterinsights_sitenote_category":0,"footnotes":""},"categories":[8],"tags":[9,120,119],"class_list":["post-689","post","type-post","status-publish","format-standard","has-post-thumbnail","hentry","category-historia","tag-alfredo-melidore","tag-el-actual","tag-tino-wenner"],"yoast_head":"<!-- This site is optimized with the Yoast SEO plugin v25.3.1 - https:\/\/yoast.com\/wordpress\/plugins\/seo\/ -->\n<title>Recordamos al a\u00f1orado \u2013 hoy m\u00e1s que nunca \u2013 y corajudo director de \u201cEl Actual\u201d, Tilo Wenner, a 49 a\u00f1os de su forzada desaparici\u00f3n - Noticias de Escobar<\/title>\n<meta name=\"robots\" content=\"index, follow, max-snippet:-1, max-image-preview:large, max-video-preview:-1\" \/>\n<link rel=\"canonical\" href=\"https:\/\/noticiasdeescobar.online\/?p=689\" \/>\n<meta property=\"og:locale\" content=\"es_ES\" \/>\n<meta property=\"og:type\" content=\"article\" \/>\n<meta property=\"og:title\" content=\"Recordamos al a\u00f1orado \u2013 hoy m\u00e1s que nunca \u2013 y corajudo director de \u201cEl Actual\u201d, Tilo Wenner, a 49 a\u00f1os de su forzada desaparici\u00f3n - Noticias de Escobar\" \/>\n<meta property=\"og:description\" content=\"Esta nota es para honrarle memoria, de uno de los \u00faltimos periodistas verdaderamente independientes, que ejerci\u00f3 en nuestro pueblo, antes&hellip;\" \/>\n<meta property=\"og:url\" content=\"https:\/\/noticiasdeescobar.online\/?p=689\" \/>\n<meta property=\"og:site_name\" content=\"Noticias de Escobar\" \/>\n<meta property=\"article:published_time\" content=\"2025-03-24T12:53:11+00:00\" \/>\n<meta property=\"article:modified_time\" content=\"2025-03-24T12:56:36+00:00\" \/>\n<meta property=\"og:image\" content=\"https:\/\/noticiasdeescobar.online\/wp-content\/uploads\/2025\/03\/486105778_3849145308671592_2976257970578647259_n.jpg\" \/>\n\t<meta property=\"og:image:width\" content=\"1961\" \/>\n\t<meta property=\"og:image:height\" content=\"1218\" \/>\n\t<meta property=\"og:image:type\" content=\"image\/jpeg\" \/>\n<meta name=\"author\" content=\"Redacci\u00f3n\" \/>\n<meta name=\"twitter:card\" content=\"summary_large_image\" \/>\n<meta name=\"twitter:label1\" content=\"Escrito por\" \/>\n\t<meta name=\"twitter:data1\" content=\"Redacci\u00f3n\" \/>\n\t<meta name=\"twitter:label2\" content=\"Tiempo de lectura\" \/>\n\t<meta name=\"twitter:data2\" content=\"3 minutos\" \/>\n<script type=\"application\/ld+json\" class=\"yoast-schema-graph\">{\"@context\":\"https:\/\/schema.org\",\"@graph\":[{\"@type\":\"WebPage\",\"@id\":\"https:\/\/noticiasdeescobar.online\/?p=689\",\"url\":\"https:\/\/noticiasdeescobar.online\/?p=689\",\"name\":\"Recordamos al a\u00f1orado \u2013 hoy m\u00e1s que nunca \u2013 y corajudo director de \u201cEl Actual\u201d, Tilo Wenner, a 49 a\u00f1os de su forzada desaparici\u00f3n - Noticias de Escobar\",\"isPartOf\":{\"@id\":\"https:\/\/noticiasdeescobar.online\/#website\"},\"primaryImageOfPage\":{\"@id\":\"https:\/\/noticiasdeescobar.online\/?p=689#primaryimage\"},\"image\":{\"@id\":\"https:\/\/noticiasdeescobar.online\/?p=689#primaryimage\"},\"thumbnailUrl\":\"https:\/\/noticiasdeescobar.online\/wp-content\/uploads\/2025\/03\/486105778_3849145308671592_2976257970578647259_n.jpg\",\"datePublished\":\"2025-03-24T12:53:11+00:00\",\"dateModified\":\"2025-03-24T12:56:36+00:00\",\"author\":{\"@id\":\"https:\/\/noticiasdeescobar.online\/#\/schema\/person\/c80a19151f9337b50a779fe1f512ca6a\"},\"breadcrumb\":{\"@id\":\"https:\/\/noticiasdeescobar.online\/?p=689#breadcrumb\"},\"inLanguage\":\"es-AR\",\"potentialAction\":[{\"@type\":\"ReadAction\",\"target\":[\"https:\/\/noticiasdeescobar.online\/?p=689\"]}]},{\"@type\":\"ImageObject\",\"inLanguage\":\"es-AR\",\"@id\":\"https:\/\/noticiasdeescobar.online\/?p=689#primaryimage\",\"url\":\"https:\/\/noticiasdeescobar.online\/wp-content\/uploads\/2025\/03\/486105778_3849145308671592_2976257970578647259_n.jpg\",\"contentUrl\":\"https:\/\/noticiasdeescobar.online\/wp-content\/uploads\/2025\/03\/486105778_3849145308671592_2976257970578647259_n.jpg\",\"width\":1961,\"height\":1218},{\"@type\":\"BreadcrumbList\",\"@id\":\"https:\/\/noticiasdeescobar.online\/?p=689#breadcrumb\",\"itemListElement\":[{\"@type\":\"ListItem\",\"position\":1,\"name\":\"Inicio\",\"item\":\"https:\/\/noticiasdeescobar.online\/\"},{\"@type\":\"ListItem\",\"position\":2,\"name\":\"Recordamos al a\u00f1orado \u2013 hoy m\u00e1s que nunca \u2013 y corajudo director de \u201cEl Actual\u201d, Tilo Wenner, a 49 a\u00f1os de su forzada desaparici\u00f3n\"}]},{\"@type\":\"WebSite\",\"@id\":\"https:\/\/noticiasdeescobar.online\/#website\",\"url\":\"https:\/\/noticiasdeescobar.online\/\",\"name\":\"Noticias de Escobar\",\"description\":\"Noticias 24\/7\",\"potentialAction\":[{\"@type\":\"SearchAction\",\"target\":{\"@type\":\"EntryPoint\",\"urlTemplate\":\"https:\/\/noticiasdeescobar.online\/?s={search_term_string}\"},\"query-input\":{\"@type\":\"PropertyValueSpecification\",\"valueRequired\":true,\"valueName\":\"search_term_string\"}}],\"inLanguage\":\"es-AR\"},{\"@type\":\"Person\",\"@id\":\"https:\/\/noticiasdeescobar.online\/#\/schema\/person\/c80a19151f9337b50a779fe1f512ca6a\",\"name\":\"Redacci\u00f3n\",\"image\":{\"@type\":\"ImageObject\",\"inLanguage\":\"es-AR\",\"@id\":\"https:\/\/noticiasdeescobar.online\/#\/schema\/person\/image\/\",\"url\":\"https:\/\/secure.gravatar.com\/avatar\/1db77a0acc41b20b8cbce542c0459eb4?s=96&d=mm&r=g\",\"contentUrl\":\"https:\/\/secure.gravatar.com\/avatar\/1db77a0acc41b20b8cbce542c0459eb4?s=96&d=mm&r=g\",\"caption\":\"Redacci\u00f3n\"},\"sameAs\":[\"http:\/\/noticiasdeescobar.online\"],\"url\":\"https:\/\/noticiasdeescobar.online\/?author=1\"}]}<\/script>\n<!-- \/ Yoast SEO plugin. -->","yoast_head_json":{"title":"Recordamos al a\u00f1orado \u2013 hoy m\u00e1s que nunca \u2013 y corajudo director de \u201cEl Actual\u201d, Tilo Wenner, a 49 a\u00f1os de su forzada desaparici\u00f3n - Noticias de Escobar","robots":{"index":"index","follow":"follow","max-snippet":"max-snippet:-1","max-image-preview":"max-image-preview:large","max-video-preview":"max-video-preview:-1"},"canonical":"https:\/\/noticiasdeescobar.online\/?p=689","og_locale":"es_ES","og_type":"article","og_title":"Recordamos al a\u00f1orado \u2013 hoy m\u00e1s que nunca \u2013 y corajudo director de \u201cEl Actual\u201d, Tilo Wenner, a 49 a\u00f1os de su forzada desaparici\u00f3n - Noticias de Escobar","og_description":"Esta nota es para honrarle memoria, de uno de los \u00faltimos periodistas verdaderamente independientes, que ejerci\u00f3 en nuestro pueblo, antes&hellip;","og_url":"https:\/\/noticiasdeescobar.online\/?p=689","og_site_name":"Noticias de Escobar","article_published_time":"2025-03-24T12:53:11+00:00","article_modified_time":"2025-03-24T12:56:36+00:00","og_image":[{"width":1961,"height":1218,"url":"https:\/\/noticiasdeescobar.online\/wp-content\/uploads\/2025\/03\/486105778_3849145308671592_2976257970578647259_n.jpg","type":"image\/jpeg"}],"author":"Redacci\u00f3n","twitter_card":"summary_large_image","twitter_misc":{"Escrito por":"Redacci\u00f3n","Tiempo de lectura":"3 minutos"},"schema":{"@context":"https:\/\/schema.org","@graph":[{"@type":"WebPage","@id":"https:\/\/noticiasdeescobar.online\/?p=689","url":"https:\/\/noticiasdeescobar.online\/?p=689","name":"Recordamos al a\u00f1orado \u2013 hoy m\u00e1s que nunca \u2013 y corajudo director de \u201cEl Actual\u201d, Tilo Wenner, a 49 a\u00f1os de su forzada desaparici\u00f3n - Noticias de Escobar","isPartOf":{"@id":"https:\/\/noticiasdeescobar.online\/#website"},"primaryImageOfPage":{"@id":"https:\/\/noticiasdeescobar.online\/?p=689#primaryimage"},"image":{"@id":"https:\/\/noticiasdeescobar.online\/?p=689#primaryimage"},"thumbnailUrl":"https:\/\/noticiasdeescobar.online\/wp-content\/uploads\/2025\/03\/486105778_3849145308671592_2976257970578647259_n.jpg","datePublished":"2025-03-24T12:53:11+00:00","dateModified":"2025-03-24T12:56:36+00:00","author":{"@id":"https:\/\/noticiasdeescobar.online\/#\/schema\/person\/c80a19151f9337b50a779fe1f512ca6a"},"breadcrumb":{"@id":"https:\/\/noticiasdeescobar.online\/?p=689#breadcrumb"},"inLanguage":"es-AR","potentialAction":[{"@type":"ReadAction","target":["https:\/\/noticiasdeescobar.online\/?p=689"]}]},{"@type":"ImageObject","inLanguage":"es-AR","@id":"https:\/\/noticiasdeescobar.online\/?p=689#primaryimage","url":"https:\/\/noticiasdeescobar.online\/wp-content\/uploads\/2025\/03\/486105778_3849145308671592_2976257970578647259_n.jpg","contentUrl":"https:\/\/noticiasdeescobar.online\/wp-content\/uploads\/2025\/03\/486105778_3849145308671592_2976257970578647259_n.jpg","width":1961,"height":1218},{"@type":"BreadcrumbList","@id":"https:\/\/noticiasdeescobar.online\/?p=689#breadcrumb","itemListElement":[{"@type":"ListItem","position":1,"name":"Inicio","item":"https:\/\/noticiasdeescobar.online\/"},{"@type":"ListItem","position":2,"name":"Recordamos al a\u00f1orado \u2013 hoy m\u00e1s que nunca \u2013 y corajudo director de \u201cEl Actual\u201d, Tilo Wenner, a 49 a\u00f1os de su forzada desaparici\u00f3n"}]},{"@type":"WebSite","@id":"https:\/\/noticiasdeescobar.online\/#website","url":"https:\/\/noticiasdeescobar.online\/","name":"Noticias de Escobar","description":"Noticias 24\/7","potentialAction":[{"@type":"SearchAction","target":{"@type":"EntryPoint","urlTemplate":"https:\/\/noticiasdeescobar.online\/?s={search_term_string}"},"query-input":{"@type":"PropertyValueSpecification","valueRequired":true,"valueName":"search_term_string"}}],"inLanguage":"es-AR"},{"@type":"Person","@id":"https:\/\/noticiasdeescobar.online\/#\/schema\/person\/c80a19151f9337b50a779fe1f512ca6a","name":"Redacci\u00f3n","image":{"@type":"ImageObject","inLanguage":"es-AR","@id":"https:\/\/noticiasdeescobar.online\/#\/schema\/person\/image\/","url":"https:\/\/secure.gravatar.com\/avatar\/1db77a0acc41b20b8cbce542c0459eb4?s=96&d=mm&r=g","contentUrl":"https:\/\/secure.gravatar.com\/avatar\/1db77a0acc41b20b8cbce542c0459eb4?s=96&d=mm&r=g","caption":"Redacci\u00f3n"},"sameAs":["http:\/\/noticiasdeescobar.online"],"url":"https:\/\/noticiasdeescobar.online\/?author=1"}]}},"_links":{"self":[{"href":"https:\/\/noticiasdeescobar.online\/index.php?rest_route=\/wp\/v2\/posts\/689","targetHints":{"allow":["GET"]}}],"collection":[{"href":"https:\/\/noticiasdeescobar.online\/index.php?rest_route=\/wp\/v2\/posts"}],"about":[{"href":"https:\/\/noticiasdeescobar.online\/index.php?rest_route=\/wp\/v2\/types\/post"}],"author":[{"embeddable":true,"href":"https:\/\/noticiasdeescobar.online\/index.php?rest_route=\/wp\/v2\/users\/1"}],"replies":[{"embeddable":true,"href":"https:\/\/noticiasdeescobar.online\/index.php?rest_route=%2Fwp%2Fv2%2Fcomments&post=689"}],"version-history":[{"count":2,"href":"https:\/\/noticiasdeescobar.online\/index.php?rest_route=\/wp\/v2\/posts\/689\/revisions"}],"predecessor-version":[{"id":694,"href":"https:\/\/noticiasdeescobar.online\/index.php?rest_route=\/wp\/v2\/posts\/689\/revisions\/694"}],"wp:featuredmedia":[{"embeddable":true,"href":"https:\/\/noticiasdeescobar.online\/index.php?rest_route=\/wp\/v2\/media\/690"}],"wp:attachment":[{"href":"https:\/\/noticiasdeescobar.online\/index.php?rest_route=%2Fwp%2Fv2%2Fmedia&parent=689"}],"wp:term":[{"taxonomy":"category","embeddable":true,"href":"https:\/\/noticiasdeescobar.online\/index.php?rest_route=%2Fwp%2Fv2%2Fcategories&post=689"},{"taxonomy":"post_tag","embeddable":true,"href":"https:\/\/noticiasdeescobar.online\/index.php?rest_route=%2Fwp%2Fv2%2Ftags&post=689"}],"curies":[{"name":"wp","href":"https:\/\/api.w.org\/{rel}","templated":true}]}}