{"id":723,"date":"2025-04-01T23:48:00","date_gmt":"2025-04-01T23:48:00","guid":{"rendered":"https:\/\/noticiasdeescobar.online\/?p=723"},"modified":"2025-04-02T01:05:14","modified_gmt":"2025-04-02T01:05:14","slug":"papelon-en-el-hospital-erill-el-director-golpeo-a-un-doctor-y-renuncio","status":"publish","type":"post","link":"https:\/\/noticiasdeescobar.online\/?p=723","title":{"rendered":"Papel\u00f3n en el Hospital Erill: el director golpe\u00f3 a un doctor y renunci\u00f3"},"content":{"rendered":"\n<p class=\"has-vivid-cyan-blue-color has-text-color has-link-color wp-elements-6d778df4c63cacc091107d201fb9cf1f\"><strong><em>Seg\u00fan el gremio Cicop, Folchi dej\u00f3 &#8220;inconsciente de un golpe en la cabeza a un m\u00e9dico de guardia que solo le ped\u00eda por sus guardias adeudadas&#8221;.<\/em><\/strong> <strong><em>A\u00fan no se defini\u00f3 el reemplazante.<\/em><\/strong><\/p>\n\n\n\n<p> <\/p>\n\n\n\n<!--more-->\n\n\n\n<p><\/p>\n\n\n\n<p>El director ejecutivo del Hospital Provincial Erill, Dr. Ariel Folchi, dej\u00f3 su cargo tras un pedido del intendente Ariel Sujarchuk al ministro de Salud de la provincia de Buenos Aires, Nicol\u00e1s Kreplak.\u00a0<\/p>\n\n\n\n<p>El intendente tom\u00f3 la decisi\u00f3n tras tomar conocimiento de un grave altercado entre Folchi y un m\u00e9dico de la planta de neurocirug\u00eda del hospital, que involucr\u00f3 violencia f\u00edsica. \u201cEse tipo de conductas no van a ser permitidas en ninguno de los centros de salud de nuestro partido, sea municipal o, como en este caso, de la Provincia\u201d, expres\u00f3 Sujarchuk.<\/p>\n\n\n\n<p>En las pr\u00f3ximas horas se dar\u00e1 a conocer al reemplazante del Dr. Folchi, decisi\u00f3n que se tomar\u00e1 en conjunto entre las autoridades de salud de la Provincia y el Municipio.<\/p>\n","protected":false},"excerpt":{"rendered":"<p>Seg\u00fan el gremio Cicop, Folchi dej\u00f3 &#8220;inconsciente de un golpe en la cabeza a un m\u00e9dico de guardia que solo&hellip;<\/p>\n","protected":false},"author":1,"featured_media":446,"comment_status":"open","ping_status":"open","sticky":false,"template":"","format":"standard","meta":{"_monsterinsights_skip_tracking":false,"_monsterinsights_sitenote_active":false,"_monsterinsights_sitenote_note":"","_monsterinsights_sitenote_category":0,"footnotes":""},"categories":[6],"tags":[121],"class_list":["post-723","post","type-post","status-publish","format-standard","has-post-thumbnail","hentry","category-interes-general","tag-hospital-erill"],"yoast_head":"<!-- This site is optimized with the Yoast SEO plugin v25.3.1 - https:\/\/yoast.com\/wordpress\/plugins\/seo\/ -->\n<title>Papel\u00f3n en el Hospital Erill: el director golpe\u00f3 a un doctor y renunci\u00f3 - Noticias de Escobar<\/title>\n<meta name=\"robots\" content=\"index, follow, max-snippet:-1, max-image-preview:large, max-video-preview:-1\" \/>\n<link rel=\"canonical\" href=\"https:\/\/noticiasdeescobar.online\/?p=723\" \/>\n<meta property=\"og:locale\" content=\"es_ES\" \/>\n<meta property=\"og:type\" content=\"article\" \/>\n<meta property=\"og:title\" content=\"Papel\u00f3n en el Hospital Erill: el director golpe\u00f3 a un doctor y renunci\u00f3 - Noticias de Escobar\" \/>\n<meta property=\"og:description\" content=\"Seg\u00fan el gremio Cicop, Folchi dej\u00f3 &#8220;inconsciente de un golpe en la cabeza a un m\u00e9dico de guardia que solo&hellip;\" \/>\n<meta property=\"og:url\" content=\"https:\/\/noticiasdeescobar.online\/?p=723\" \/>\n<meta property=\"og:site_name\" content=\"Noticias de Escobar\" \/>\n<meta property=\"article:published_time\" content=\"2025-04-01T23:48:00+00:00\" \/>\n<meta property=\"article:modified_time\" content=\"2025-04-02T01:05:14+00:00\" \/>\n<meta property=\"og:image\" content=\"https:\/\/noticiasdeescobar.online\/wp-content\/uploads\/2025\/01\/erill-frente.jpg\" \/>\n\t<meta property=\"og:image:width\" content=\"2048\" \/>\n\t<meta property=\"og:image:height\" content=\"1280\" \/>\n\t<meta property=\"og:image:type\" content=\"image\/jpeg\" \/>\n<meta name=\"author\" content=\"Redacci\u00f3n\" \/>\n<meta name=\"twitter:card\" content=\"summary_large_image\" \/>\n<meta name=\"twitter:label1\" content=\"Escrito por\" \/>\n\t<meta name=\"twitter:data1\" content=\"Redacci\u00f3n\" \/>\n\t<meta name=\"twitter:label2\" content=\"Tiempo de lectura\" \/>\n\t<meta name=\"twitter:data2\" content=\"1 minuto\" \/>\n<script type=\"application\/ld+json\" class=\"yoast-schema-graph\">{\"@context\":\"https:\/\/schema.org\",\"@graph\":[{\"@type\":\"WebPage\",\"@id\":\"https:\/\/noticiasdeescobar.online\/?p=723\",\"url\":\"https:\/\/noticiasdeescobar.online\/?p=723\",\"name\":\"Papel\u00f3n en el Hospital Erill: el director golpe\u00f3 a un doctor y renunci\u00f3 - Noticias de Escobar\",\"isPartOf\":{\"@id\":\"https:\/\/noticiasdeescobar.online\/#website\"},\"primaryImageOfPage\":{\"@id\":\"https:\/\/noticiasdeescobar.online\/?p=723#primaryimage\"},\"image\":{\"@id\":\"https:\/\/noticiasdeescobar.online\/?p=723#primaryimage\"},\"thumbnailUrl\":\"https:\/\/noticiasdeescobar.online\/wp-content\/uploads\/2025\/01\/erill-frente.jpg\",\"datePublished\":\"2025-04-01T23:48:00+00:00\",\"dateModified\":\"2025-04-02T01:05:14+00:00\",\"author\":{\"@id\":\"https:\/\/noticiasdeescobar.online\/#\/schema\/person\/c80a19151f9337b50a779fe1f512ca6a\"},\"breadcrumb\":{\"@id\":\"https:\/\/noticiasdeescobar.online\/?p=723#breadcrumb\"},\"inLanguage\":\"es-AR\",\"potentialAction\":[{\"@type\":\"ReadAction\",\"target\":[\"https:\/\/noticiasdeescobar.online\/?p=723\"]}]},{\"@type\":\"ImageObject\",\"inLanguage\":\"es-AR\",\"@id\":\"https:\/\/noticiasdeescobar.online\/?p=723#primaryimage\",\"url\":\"https:\/\/noticiasdeescobar.online\/wp-content\/uploads\/2025\/01\/erill-frente.jpg\",\"contentUrl\":\"https:\/\/noticiasdeescobar.online\/wp-content\/uploads\/2025\/01\/erill-frente.jpg\",\"width\":2048,\"height\":1280},{\"@type\":\"BreadcrumbList\",\"@id\":\"https:\/\/noticiasdeescobar.online\/?p=723#breadcrumb\",\"itemListElement\":[{\"@type\":\"ListItem\",\"position\":1,\"name\":\"Inicio\",\"item\":\"https:\/\/noticiasdeescobar.online\/\"},{\"@type\":\"ListItem\",\"position\":2,\"name\":\"Papel\u00f3n en el Hospital Erill: el director golpe\u00f3 a un doctor y renunci\u00f3\"}]},{\"@type\":\"WebSite\",\"@id\":\"https:\/\/noticiasdeescobar.online\/#website\",\"url\":\"https:\/\/noticiasdeescobar.online\/\",\"name\":\"Noticias de Escobar\",\"description\":\"Noticias 24\/7\",\"potentialAction\":[{\"@type\":\"SearchAction\",\"target\":{\"@type\":\"EntryPoint\",\"urlTemplate\":\"https:\/\/noticiasdeescobar.online\/?s={search_term_string}\"},\"query-input\":{\"@type\":\"PropertyValueSpecification\",\"valueRequired\":true,\"valueName\":\"search_term_string\"}}],\"inLanguage\":\"es-AR\"},{\"@type\":\"Person\",\"@id\":\"https:\/\/noticiasdeescobar.online\/#\/schema\/person\/c80a19151f9337b50a779fe1f512ca6a\",\"name\":\"Redacci\u00f3n\",\"image\":{\"@type\":\"ImageObject\",\"inLanguage\":\"es-AR\",\"@id\":\"https:\/\/noticiasdeescobar.online\/#\/schema\/person\/image\/\",\"url\":\"https:\/\/secure.gravatar.com\/avatar\/1db77a0acc41b20b8cbce542c0459eb4?s=96&d=mm&r=g\",\"contentUrl\":\"https:\/\/secure.gravatar.com\/avatar\/1db77a0acc41b20b8cbce542c0459eb4?s=96&d=mm&r=g\",\"caption\":\"Redacci\u00f3n\"},\"sameAs\":[\"http:\/\/noticiasdeescobar.online\"],\"url\":\"https:\/\/noticiasdeescobar.online\/?author=1\"}]}<\/script>\n<!-- \/ Yoast SEO plugin. -->","yoast_head_json":{"title":"Papel\u00f3n en el Hospital Erill: el director golpe\u00f3 a un doctor y renunci\u00f3 - Noticias de Escobar","robots":{"index":"index","follow":"follow","max-snippet":"max-snippet:-1","max-image-preview":"max-image-preview:large","max-video-preview":"max-video-preview:-1"},"canonical":"https:\/\/noticiasdeescobar.online\/?p=723","og_locale":"es_ES","og_type":"article","og_title":"Papel\u00f3n en el Hospital Erill: el director golpe\u00f3 a un doctor y renunci\u00f3 - Noticias de Escobar","og_description":"Seg\u00fan el gremio Cicop, Folchi dej\u00f3 &#8220;inconsciente de un golpe en la cabeza a un m\u00e9dico de guardia que solo&hellip;","og_url":"https:\/\/noticiasdeescobar.online\/?p=723","og_site_name":"Noticias de Escobar","article_published_time":"2025-04-01T23:48:00+00:00","article_modified_time":"2025-04-02T01:05:14+00:00","og_image":[{"width":2048,"height":1280,"url":"https:\/\/noticiasdeescobar.online\/wp-content\/uploads\/2025\/01\/erill-frente.jpg","type":"image\/jpeg"}],"author":"Redacci\u00f3n","twitter_card":"summary_large_image","twitter_misc":{"Escrito por":"Redacci\u00f3n","Tiempo de lectura":"1 minuto"},"schema":{"@context":"https:\/\/schema.org","@graph":[{"@type":"WebPage","@id":"https:\/\/noticiasdeescobar.online\/?p=723","url":"https:\/\/noticiasdeescobar.online\/?p=723","name":"Papel\u00f3n en el Hospital Erill: el director golpe\u00f3 a un doctor y renunci\u00f3 - Noticias de Escobar","isPartOf":{"@id":"https:\/\/noticiasdeescobar.online\/#website"},"primaryImageOfPage":{"@id":"https:\/\/noticiasdeescobar.online\/?p=723#primaryimage"},"image":{"@id":"https:\/\/noticiasdeescobar.online\/?p=723#primaryimage"},"thumbnailUrl":"https:\/\/noticiasdeescobar.online\/wp-content\/uploads\/2025\/01\/erill-frente.jpg","datePublished":"2025-04-01T23:48:00+00:00","dateModified":"2025-04-02T01:05:14+00:00","author":{"@id":"https:\/\/noticiasdeescobar.online\/#\/schema\/person\/c80a19151f9337b50a779fe1f512ca6a"},"breadcrumb":{"@id":"https:\/\/noticiasdeescobar.online\/?p=723#breadcrumb"},"inLanguage":"es-AR","potentialAction":[{"@type":"ReadAction","target":["https:\/\/noticiasdeescobar.online\/?p=723"]}]},{"@type":"ImageObject","inLanguage":"es-AR","@id":"https:\/\/noticiasdeescobar.online\/?p=723#primaryimage","url":"https:\/\/noticiasdeescobar.online\/wp-content\/uploads\/2025\/01\/erill-frente.jpg","contentUrl":"https:\/\/noticiasdeescobar.online\/wp-content\/uploads\/2025\/01\/erill-frente.jpg","width":2048,"height":1280},{"@type":"BreadcrumbList","@id":"https:\/\/noticiasdeescobar.online\/?p=723#breadcrumb","itemListElement":[{"@type":"ListItem","position":1,"name":"Inicio","item":"https:\/\/noticiasdeescobar.online\/"},{"@type":"ListItem","position":2,"name":"Papel\u00f3n en el Hospital Erill: el director golpe\u00f3 a un doctor y renunci\u00f3"}]},{"@type":"WebSite","@id":"https:\/\/noticiasdeescobar.online\/#website","url":"https:\/\/noticiasdeescobar.online\/","name":"Noticias de Escobar","description":"Noticias 24\/7","potentialAction":[{"@type":"SearchAction","target":{"@type":"EntryPoint","urlTemplate":"https:\/\/noticiasdeescobar.online\/?s={search_term_string}"},"query-input":{"@type":"PropertyValueSpecification","valueRequired":true,"valueName":"search_term_string"}}],"inLanguage":"es-AR"},{"@type":"Person","@id":"https:\/\/noticiasdeescobar.online\/#\/schema\/person\/c80a19151f9337b50a779fe1f512ca6a","name":"Redacci\u00f3n","image":{"@type":"ImageObject","inLanguage":"es-AR","@id":"https:\/\/noticiasdeescobar.online\/#\/schema\/person\/image\/","url":"https:\/\/secure.gravatar.com\/avatar\/1db77a0acc41b20b8cbce542c0459eb4?s=96&d=mm&r=g","contentUrl":"https:\/\/secure.gravatar.com\/avatar\/1db77a0acc41b20b8cbce542c0459eb4?s=96&d=mm&r=g","caption":"Redacci\u00f3n"},"sameAs":["http:\/\/noticiasdeescobar.online"],"url":"https:\/\/noticiasdeescobar.online\/?author=1"}]}},"_links":{"self":[{"href":"https:\/\/noticiasdeescobar.online\/index.php?rest_route=\/wp\/v2\/posts\/723","targetHints":{"allow":["GET"]}}],"collection":[{"href":"https:\/\/noticiasdeescobar.online\/index.php?rest_route=\/wp\/v2\/posts"}],"about":[{"href":"https:\/\/noticiasdeescobar.online\/index.php?rest_route=\/wp\/v2\/types\/post"}],"author":[{"embeddable":true,"href":"https:\/\/noticiasdeescobar.online\/index.php?rest_route=\/wp\/v2\/users\/1"}],"replies":[{"embeddable":true,"href":"https:\/\/noticiasdeescobar.online\/index.php?rest_route=%2Fwp%2Fv2%2Fcomments&post=723"}],"version-history":[{"count":1,"href":"https:\/\/noticiasdeescobar.online\/index.php?rest_route=\/wp\/v2\/posts\/723\/revisions"}],"predecessor-version":[{"id":724,"href":"https:\/\/noticiasdeescobar.online\/index.php?rest_route=\/wp\/v2\/posts\/723\/revisions\/724"}],"wp:featuredmedia":[{"embeddable":true,"href":"https:\/\/noticiasdeescobar.online\/index.php?rest_route=\/wp\/v2\/media\/446"}],"wp:attachment":[{"href":"https:\/\/noticiasdeescobar.online\/index.php?rest_route=%2Fwp%2Fv2%2Fmedia&parent=723"}],"wp:term":[{"taxonomy":"category","embeddable":true,"href":"https:\/\/noticiasdeescobar.online\/index.php?rest_route=%2Fwp%2Fv2%2Fcategories&post=723"},{"taxonomy":"post_tag","embeddable":true,"href":"https:\/\/noticiasdeescobar.online\/index.php?rest_route=%2Fwp%2Fv2%2Ftags&post=723"}],"curies":[{"name":"wp","href":"https:\/\/api.w.org\/{rel}","templated":true}]}}