{"id":759,"date":"2025-04-08T11:29:46","date_gmt":"2025-04-08T11:29:46","guid":{"rendered":"https:\/\/noticiasdeescobar.online\/?p=759"},"modified":"2025-04-08T11:29:47","modified_gmt":"2025-04-08T11:29:47","slug":"incendio-de-un-vehiculo-en-matheu-intervencion-rapida-de-los-bomberos-evito-mayores-danos","status":"publish","type":"post","link":"https:\/\/noticiasdeescobar.online\/?p=759","title":{"rendered":"Incendio de un veh\u00edculo en Matheu: intervenci\u00f3n r\u00e1pida de los bomberos evit\u00f3 mayores da\u00f1os"},"content":{"rendered":"\n<p>En horas de la tarde del lunes, se registr\u00f3 un incendio vehicular en la intersecci\u00f3n de las calles Belgrano y Salvador Melo, en la localidad de Matheu. Una dotaci\u00f3n del cuerpo de Bomberos Voluntarios de la ciudad acudi\u00f3 r\u00e1pidamente al lugar para controlar la situaci\u00f3n.<\/p>\n\n\n\n<!--more-->\n\n\n\n<p>El operativo estuvo a cargo del Suboficial V\u00edctor Aranda, quien lider\u00f3 al equipo que logr\u00f3 sofocar las llamas y asegurar la zona. Afortunadamente, no se reportaron heridos como consecuencia del incidente.<\/p>\n\n\n\n<p>La informaci\u00f3n fue confirmada a trav\u00e9s de la cuenta oficial de Facebook de los Bomberos Voluntarios de Matheu, donde detallaron que la salida fue motivada por un incendio de veh\u00edculo y que la intervenci\u00f3n se produjo durante la tarde del lunes.<\/p>\n\n\n\n<p>Hasta el momento, no se han difundido las causas del siniestro, y no se descarta ninguna hip\u00f3tesis. Autoridades locales y peritos trabajan para determinar el origen del fuego, mientras que el veh\u00edculo sufri\u00f3 da\u00f1os considerables.<\/p>\n\n\n<div class=\"wp-block-image\">\n<figure class=\"aligncenter size-full\"><img loading=\"lazy\" decoding=\"async\" width=\"629\" height=\"549\" src=\"https:\/\/noticiasdeescobar.online\/wp-content\/uploads\/2025\/04\/489757082_984734313790313_5189368049120202458_n.jpg\" alt=\"\" class=\"wp-image-761\" srcset=\"https:\/\/noticiasdeescobar.online\/wp-content\/uploads\/2025\/04\/489757082_984734313790313_5189368049120202458_n.jpg 629w, https:\/\/noticiasdeescobar.online\/wp-content\/uploads\/2025\/04\/489757082_984734313790313_5189368049120202458_n-300x262.jpg 300w\" sizes=\"auto, (max-width: 629px) 100vw, 629px\" \/><\/figure><\/div>\n\n\n<p>Vecinos de la zona alertaron sobre el incidente al notar humo y fuego saliendo del autom\u00f3vil, lo que permiti\u00f3 una r\u00e1pida respuesta de los servicios de emergencia.<\/p>\n\n\n\n<p>El hecho gener\u00f3 preocupaci\u00f3n en la comunidad, pero tambi\u00e9n reconocimiento a la labor de los bomberos, que una vez m\u00e1s demostraron su compromiso y eficacia en situaciones de riesgo.<\/p>\n","protected":false},"excerpt":{"rendered":"<p>En horas de la tarde del lunes, se registr\u00f3 un incendio vehicular en la intersecci\u00f3n de las calles Belgrano y&hellip;<\/p>\n","protected":false},"author":1,"featured_media":760,"comment_status":"open","ping_status":"open","sticky":false,"template":"","format":"standard","meta":{"_monsterinsights_skip_tracking":false,"_monsterinsights_sitenote_active":false,"_monsterinsights_sitenote_note":"","_monsterinsights_sitenote_category":0,"footnotes":""},"categories":[2],"tags":[44,25,30],"class_list":["post-759","post","type-post","status-publish","format-standard","has-post-thumbnail","hentry","category-policiales","tag-auto","tag-incendio","tag-matheu"],"yoast_head":"<!-- This site is optimized with the Yoast SEO plugin v25.3.1 - https:\/\/yoast.com\/wordpress\/plugins\/seo\/ -->\n<title>Incendio de un veh\u00edculo en Matheu: intervenci\u00f3n r\u00e1pida de los bomberos evit\u00f3 mayores da\u00f1os - Noticias de Escobar<\/title>\n<meta name=\"robots\" content=\"index, follow, max-snippet:-1, max-image-preview:large, max-video-preview:-1\" \/>\n<link rel=\"canonical\" href=\"https:\/\/noticiasdeescobar.online\/?p=759\" \/>\n<meta property=\"og:locale\" content=\"es_ES\" \/>\n<meta property=\"og:type\" content=\"article\" \/>\n<meta property=\"og:title\" content=\"Incendio de un veh\u00edculo en Matheu: intervenci\u00f3n r\u00e1pida de los bomberos evit\u00f3 mayores da\u00f1os - Noticias de Escobar\" \/>\n<meta property=\"og:description\" content=\"En horas de la tarde del lunes, se registr\u00f3 un incendio vehicular en la intersecci\u00f3n de las calles Belgrano y&hellip;\" \/>\n<meta property=\"og:url\" content=\"https:\/\/noticiasdeescobar.online\/?p=759\" \/>\n<meta property=\"og:site_name\" content=\"Noticias de Escobar\" \/>\n<meta property=\"article:published_time\" content=\"2025-04-08T11:29:46+00:00\" \/>\n<meta property=\"article:modified_time\" content=\"2025-04-08T11:29:47+00:00\" \/>\n<meta property=\"og:image\" content=\"https:\/\/noticiasdeescobar.online\/wp-content\/uploads\/2025\/04\/487920327_984734280456983_8496146498944226931_n.jpg\" \/>\n\t<meta property=\"og:image:width\" content=\"756\" \/>\n\t<meta property=\"og:image:height\" content=\"544\" \/>\n\t<meta property=\"og:image:type\" content=\"image\/jpeg\" \/>\n<meta name=\"author\" content=\"Redacci\u00f3n\" \/>\n<meta name=\"twitter:card\" content=\"summary_large_image\" \/>\n<meta name=\"twitter:label1\" content=\"Escrito por\" \/>\n\t<meta name=\"twitter:data1\" content=\"Redacci\u00f3n\" \/>\n\t<meta name=\"twitter:label2\" content=\"Tiempo de lectura\" \/>\n\t<meta name=\"twitter:data2\" content=\"1 minuto\" \/>\n<script type=\"application\/ld+json\" class=\"yoast-schema-graph\">{\"@context\":\"https:\/\/schema.org\",\"@graph\":[{\"@type\":\"WebPage\",\"@id\":\"https:\/\/noticiasdeescobar.online\/?p=759\",\"url\":\"https:\/\/noticiasdeescobar.online\/?p=759\",\"name\":\"Incendio de un veh\u00edculo en Matheu: intervenci\u00f3n r\u00e1pida de los bomberos evit\u00f3 mayores da\u00f1os - Noticias de Escobar\",\"isPartOf\":{\"@id\":\"https:\/\/noticiasdeescobar.online\/#website\"},\"primaryImageOfPage\":{\"@id\":\"https:\/\/noticiasdeescobar.online\/?p=759#primaryimage\"},\"image\":{\"@id\":\"https:\/\/noticiasdeescobar.online\/?p=759#primaryimage\"},\"thumbnailUrl\":\"https:\/\/noticiasdeescobar.online\/wp-content\/uploads\/2025\/04\/487920327_984734280456983_8496146498944226931_n.jpg\",\"datePublished\":\"2025-04-08T11:29:46+00:00\",\"dateModified\":\"2025-04-08T11:29:47+00:00\",\"author\":{\"@id\":\"https:\/\/noticiasdeescobar.online\/#\/schema\/person\/c80a19151f9337b50a779fe1f512ca6a\"},\"breadcrumb\":{\"@id\":\"https:\/\/noticiasdeescobar.online\/?p=759#breadcrumb\"},\"inLanguage\":\"es-AR\",\"potentialAction\":[{\"@type\":\"ReadAction\",\"target\":[\"https:\/\/noticiasdeescobar.online\/?p=759\"]}]},{\"@type\":\"ImageObject\",\"inLanguage\":\"es-AR\",\"@id\":\"https:\/\/noticiasdeescobar.online\/?p=759#primaryimage\",\"url\":\"https:\/\/noticiasdeescobar.online\/wp-content\/uploads\/2025\/04\/487920327_984734280456983_8496146498944226931_n.jpg\",\"contentUrl\":\"https:\/\/noticiasdeescobar.online\/wp-content\/uploads\/2025\/04\/487920327_984734280456983_8496146498944226931_n.jpg\",\"width\":756,\"height\":544},{\"@type\":\"BreadcrumbList\",\"@id\":\"https:\/\/noticiasdeescobar.online\/?p=759#breadcrumb\",\"itemListElement\":[{\"@type\":\"ListItem\",\"position\":1,\"name\":\"Inicio\",\"item\":\"https:\/\/noticiasdeescobar.online\/\"},{\"@type\":\"ListItem\",\"position\":2,\"name\":\"Incendio de un veh\u00edculo en Matheu: intervenci\u00f3n r\u00e1pida de los bomberos evit\u00f3 mayores da\u00f1os\"}]},{\"@type\":\"WebSite\",\"@id\":\"https:\/\/noticiasdeescobar.online\/#website\",\"url\":\"https:\/\/noticiasdeescobar.online\/\",\"name\":\"Noticias de Escobar\",\"description\":\"Noticias 24\/7\",\"potentialAction\":[{\"@type\":\"SearchAction\",\"target\":{\"@type\":\"EntryPoint\",\"urlTemplate\":\"https:\/\/noticiasdeescobar.online\/?s={search_term_string}\"},\"query-input\":{\"@type\":\"PropertyValueSpecification\",\"valueRequired\":true,\"valueName\":\"search_term_string\"}}],\"inLanguage\":\"es-AR\"},{\"@type\":\"Person\",\"@id\":\"https:\/\/noticiasdeescobar.online\/#\/schema\/person\/c80a19151f9337b50a779fe1f512ca6a\",\"name\":\"Redacci\u00f3n\",\"image\":{\"@type\":\"ImageObject\",\"inLanguage\":\"es-AR\",\"@id\":\"https:\/\/noticiasdeescobar.online\/#\/schema\/person\/image\/\",\"url\":\"https:\/\/secure.gravatar.com\/avatar\/1db77a0acc41b20b8cbce542c0459eb4?s=96&d=mm&r=g\",\"contentUrl\":\"https:\/\/secure.gravatar.com\/avatar\/1db77a0acc41b20b8cbce542c0459eb4?s=96&d=mm&r=g\",\"caption\":\"Redacci\u00f3n\"},\"sameAs\":[\"http:\/\/noticiasdeescobar.online\"],\"url\":\"https:\/\/noticiasdeescobar.online\/?author=1\"}]}<\/script>\n<!-- \/ Yoast SEO plugin. -->","yoast_head_json":{"title":"Incendio de un veh\u00edculo en Matheu: intervenci\u00f3n r\u00e1pida de los bomberos evit\u00f3 mayores da\u00f1os - Noticias de Escobar","robots":{"index":"index","follow":"follow","max-snippet":"max-snippet:-1","max-image-preview":"max-image-preview:large","max-video-preview":"max-video-preview:-1"},"canonical":"https:\/\/noticiasdeescobar.online\/?p=759","og_locale":"es_ES","og_type":"article","og_title":"Incendio de un veh\u00edculo en Matheu: intervenci\u00f3n r\u00e1pida de los bomberos evit\u00f3 mayores da\u00f1os - Noticias de Escobar","og_description":"En horas de la tarde del lunes, se registr\u00f3 un incendio vehicular en la intersecci\u00f3n de las calles Belgrano y&hellip;","og_url":"https:\/\/noticiasdeescobar.online\/?p=759","og_site_name":"Noticias de Escobar","article_published_time":"2025-04-08T11:29:46+00:00","article_modified_time":"2025-04-08T11:29:47+00:00","og_image":[{"width":756,"height":544,"url":"https:\/\/noticiasdeescobar.online\/wp-content\/uploads\/2025\/04\/487920327_984734280456983_8496146498944226931_n.jpg","type":"image\/jpeg"}],"author":"Redacci\u00f3n","twitter_card":"summary_large_image","twitter_misc":{"Escrito por":"Redacci\u00f3n","Tiempo de lectura":"1 minuto"},"schema":{"@context":"https:\/\/schema.org","@graph":[{"@type":"WebPage","@id":"https:\/\/noticiasdeescobar.online\/?p=759","url":"https:\/\/noticiasdeescobar.online\/?p=759","name":"Incendio de un veh\u00edculo en Matheu: intervenci\u00f3n r\u00e1pida de los bomberos evit\u00f3 mayores da\u00f1os - Noticias de Escobar","isPartOf":{"@id":"https:\/\/noticiasdeescobar.online\/#website"},"primaryImageOfPage":{"@id":"https:\/\/noticiasdeescobar.online\/?p=759#primaryimage"},"image":{"@id":"https:\/\/noticiasdeescobar.online\/?p=759#primaryimage"},"thumbnailUrl":"https:\/\/noticiasdeescobar.online\/wp-content\/uploads\/2025\/04\/487920327_984734280456983_8496146498944226931_n.jpg","datePublished":"2025-04-08T11:29:46+00:00","dateModified":"2025-04-08T11:29:47+00:00","author":{"@id":"https:\/\/noticiasdeescobar.online\/#\/schema\/person\/c80a19151f9337b50a779fe1f512ca6a"},"breadcrumb":{"@id":"https:\/\/noticiasdeescobar.online\/?p=759#breadcrumb"},"inLanguage":"es-AR","potentialAction":[{"@type":"ReadAction","target":["https:\/\/noticiasdeescobar.online\/?p=759"]}]},{"@type":"ImageObject","inLanguage":"es-AR","@id":"https:\/\/noticiasdeescobar.online\/?p=759#primaryimage","url":"https:\/\/noticiasdeescobar.online\/wp-content\/uploads\/2025\/04\/487920327_984734280456983_8496146498944226931_n.jpg","contentUrl":"https:\/\/noticiasdeescobar.online\/wp-content\/uploads\/2025\/04\/487920327_984734280456983_8496146498944226931_n.jpg","width":756,"height":544},{"@type":"BreadcrumbList","@id":"https:\/\/noticiasdeescobar.online\/?p=759#breadcrumb","itemListElement":[{"@type":"ListItem","position":1,"name":"Inicio","item":"https:\/\/noticiasdeescobar.online\/"},{"@type":"ListItem","position":2,"name":"Incendio de un veh\u00edculo en Matheu: intervenci\u00f3n r\u00e1pida de los bomberos evit\u00f3 mayores da\u00f1os"}]},{"@type":"WebSite","@id":"https:\/\/noticiasdeescobar.online\/#website","url":"https:\/\/noticiasdeescobar.online\/","name":"Noticias de Escobar","description":"Noticias 24\/7","potentialAction":[{"@type":"SearchAction","target":{"@type":"EntryPoint","urlTemplate":"https:\/\/noticiasdeescobar.online\/?s={search_term_string}"},"query-input":{"@type":"PropertyValueSpecification","valueRequired":true,"valueName":"search_term_string"}}],"inLanguage":"es-AR"},{"@type":"Person","@id":"https:\/\/noticiasdeescobar.online\/#\/schema\/person\/c80a19151f9337b50a779fe1f512ca6a","name":"Redacci\u00f3n","image":{"@type":"ImageObject","inLanguage":"es-AR","@id":"https:\/\/noticiasdeescobar.online\/#\/schema\/person\/image\/","url":"https:\/\/secure.gravatar.com\/avatar\/1db77a0acc41b20b8cbce542c0459eb4?s=96&d=mm&r=g","contentUrl":"https:\/\/secure.gravatar.com\/avatar\/1db77a0acc41b20b8cbce542c0459eb4?s=96&d=mm&r=g","caption":"Redacci\u00f3n"},"sameAs":["http:\/\/noticiasdeescobar.online"],"url":"https:\/\/noticiasdeescobar.online\/?author=1"}]}},"_links":{"self":[{"href":"https:\/\/noticiasdeescobar.online\/index.php?rest_route=\/wp\/v2\/posts\/759","targetHints":{"allow":["GET"]}}],"collection":[{"href":"https:\/\/noticiasdeescobar.online\/index.php?rest_route=\/wp\/v2\/posts"}],"about":[{"href":"https:\/\/noticiasdeescobar.online\/index.php?rest_route=\/wp\/v2\/types\/post"}],"author":[{"embeddable":true,"href":"https:\/\/noticiasdeescobar.online\/index.php?rest_route=\/wp\/v2\/users\/1"}],"replies":[{"embeddable":true,"href":"https:\/\/noticiasdeescobar.online\/index.php?rest_route=%2Fwp%2Fv2%2Fcomments&post=759"}],"version-history":[{"count":1,"href":"https:\/\/noticiasdeescobar.online\/index.php?rest_route=\/wp\/v2\/posts\/759\/revisions"}],"predecessor-version":[{"id":762,"href":"https:\/\/noticiasdeescobar.online\/index.php?rest_route=\/wp\/v2\/posts\/759\/revisions\/762"}],"wp:featuredmedia":[{"embeddable":true,"href":"https:\/\/noticiasdeescobar.online\/index.php?rest_route=\/wp\/v2\/media\/760"}],"wp:attachment":[{"href":"https:\/\/noticiasdeescobar.online\/index.php?rest_route=%2Fwp%2Fv2%2Fmedia&parent=759"}],"wp:term":[{"taxonomy":"category","embeddable":true,"href":"https:\/\/noticiasdeescobar.online\/index.php?rest_route=%2Fwp%2Fv2%2Fcategories&post=759"},{"taxonomy":"post_tag","embeddable":true,"href":"https:\/\/noticiasdeescobar.online\/index.php?rest_route=%2Fwp%2Fv2%2Ftags&post=759"}],"curies":[{"name":"wp","href":"https:\/\/api.w.org\/{rel}","templated":true}]}}