{"id":770,"date":"2025-04-09T13:42:22","date_gmt":"2025-04-09T13:42:22","guid":{"rendered":"https:\/\/noticiasdeescobar.online\/?p=770"},"modified":"2025-04-09T13:42:23","modified_gmt":"2025-04-09T13:42:23","slug":"accidente-de-camion-en-la-panamericana-tres-kilometros-de-congestion-y-desvio-por-banquina","status":"publish","type":"post","link":"https:\/\/noticiasdeescobar.online\/?p=770","title":{"rendered":"Accidente de cami\u00f3n en la Panamericana: tres kil\u00f3metros de congesti\u00f3n y desv\u00edo por banquina"},"content":{"rendered":"\n<p>Pasadas las 9:30 de esta ma\u00f1ana, un cami\u00f3n volc\u00f3 en el kil\u00f3metro 38,500 de la Ruta Panamericana, en sentido a la Capital Federal. Las causas del siniestro a\u00fan se desconocen.<\/p>\n\n\n\n<!--more-->\n\n\n\n<p>El veh\u00edculo transportaba a dos ocupantes, quienes resultaron con heridas leves. Ambos fueron asistidos en el lugar por personal de Bomberos de Gar\u00edn, bajo la coordinaci\u00f3n del Jefe de Cuerpo Adri\u00e1n Peralta, y trasladados luego a la Unidad de Diagn\u00f3stico Precoz (UDP) en una ambulancia del SAME.<\/p>\n\n\n\n<p>Como consecuencia del accidente, los tres carriles de la autopista permanecen completamente cortados. El tr\u00e1nsito est\u00e1 siendo desviado por la banquina, lo que ha generado una extensa fila de veh\u00edculos de al menos tres kil\u00f3metros. Se recomienda a los conductores circular con extrema precauci\u00f3n o, en lo posible, evitar la zona hasta que se normalice la circulaci\u00f3n.<\/p>\n\n\n\n<p>En el lugar trabajan efectivos de la Polic\u00eda, Gendarmer\u00eda Nacional, personal de Autopistas del Sol, y una ambulancia de la empresa Acudir, quienes coordinan las tareas para liberar la calzada y restablecer el tr\u00e1nsito lo antes posible.<\/p>\n","protected":false},"excerpt":{"rendered":"<p>Pasadas las 9:30 de esta ma\u00f1ana, un cami\u00f3n volc\u00f3 en el kil\u00f3metro 38,500 de la Ruta Panamericana, en sentido a&hellip;<\/p>\n","protected":false},"author":1,"featured_media":771,"comment_status":"open","ping_status":"open","sticky":false,"template":"","format":"standard","meta":{"_monsterinsights_skip_tracking":false,"_monsterinsights_sitenote_active":false,"_monsterinsights_sitenote_note":"","_monsterinsights_sitenote_category":0,"footnotes":""},"categories":[2],"tags":[26,64],"class_list":["post-770","post","type-post","status-publish","format-standard","has-post-thumbnail","hentry","category-policiales","tag-accidente","tag-camion"],"yoast_head":"<!-- This site is optimized with the Yoast SEO plugin v25.3.1 - https:\/\/yoast.com\/wordpress\/plugins\/seo\/ -->\n<title>Accidente de cami\u00f3n en la Panamericana: tres kil\u00f3metros de congesti\u00f3n y desv\u00edo por banquina - Noticias de Escobar<\/title>\n<meta name=\"robots\" content=\"index, follow, max-snippet:-1, max-image-preview:large, max-video-preview:-1\" \/>\n<link rel=\"canonical\" href=\"https:\/\/noticiasdeescobar.online\/?p=770\" \/>\n<meta property=\"og:locale\" content=\"es_ES\" \/>\n<meta property=\"og:type\" content=\"article\" \/>\n<meta property=\"og:title\" content=\"Accidente de cami\u00f3n en la Panamericana: tres kil\u00f3metros de congesti\u00f3n y desv\u00edo por banquina - Noticias de Escobar\" \/>\n<meta property=\"og:description\" content=\"Pasadas las 9:30 de esta ma\u00f1ana, un cami\u00f3n volc\u00f3 en el kil\u00f3metro 38,500 de la Ruta Panamericana, en sentido a&hellip;\" \/>\n<meta property=\"og:url\" content=\"https:\/\/noticiasdeescobar.online\/?p=770\" \/>\n<meta property=\"og:site_name\" content=\"Noticias de Escobar\" \/>\n<meta property=\"article:published_time\" content=\"2025-04-09T13:42:22+00:00\" \/>\n<meta property=\"article:modified_time\" content=\"2025-04-09T13:42:23+00:00\" \/>\n<meta property=\"og:image\" content=\"https:\/\/noticiasdeescobar.online\/wp-content\/uploads\/2025\/04\/jubil-660x400-1.jpg\" \/>\n\t<meta property=\"og:image:width\" content=\"522\" \/>\n\t<meta property=\"og:image:height\" content=\"354\" \/>\n\t<meta property=\"og:image:type\" content=\"image\/jpeg\" \/>\n<meta name=\"author\" content=\"Redacci\u00f3n\" \/>\n<meta name=\"twitter:card\" content=\"summary_large_image\" \/>\n<meta name=\"twitter:label1\" content=\"Escrito por\" \/>\n\t<meta name=\"twitter:data1\" content=\"Redacci\u00f3n\" \/>\n\t<meta name=\"twitter:label2\" content=\"Tiempo de lectura\" \/>\n\t<meta name=\"twitter:data2\" content=\"1 minuto\" \/>\n<script type=\"application\/ld+json\" class=\"yoast-schema-graph\">{\"@context\":\"https:\/\/schema.org\",\"@graph\":[{\"@type\":\"WebPage\",\"@id\":\"https:\/\/noticiasdeescobar.online\/?p=770\",\"url\":\"https:\/\/noticiasdeescobar.online\/?p=770\",\"name\":\"Accidente de cami\u00f3n en la Panamericana: tres kil\u00f3metros de congesti\u00f3n y desv\u00edo por banquina - Noticias de Escobar\",\"isPartOf\":{\"@id\":\"https:\/\/noticiasdeescobar.online\/#website\"},\"primaryImageOfPage\":{\"@id\":\"https:\/\/noticiasdeescobar.online\/?p=770#primaryimage\"},\"image\":{\"@id\":\"https:\/\/noticiasdeescobar.online\/?p=770#primaryimage\"},\"thumbnailUrl\":\"https:\/\/noticiasdeescobar.online\/wp-content\/uploads\/2025\/04\/jubil-660x400-1.jpg\",\"datePublished\":\"2025-04-09T13:42:22+00:00\",\"dateModified\":\"2025-04-09T13:42:23+00:00\",\"author\":{\"@id\":\"https:\/\/noticiasdeescobar.online\/#\/schema\/person\/c80a19151f9337b50a779fe1f512ca6a\"},\"breadcrumb\":{\"@id\":\"https:\/\/noticiasdeescobar.online\/?p=770#breadcrumb\"},\"inLanguage\":\"es-AR\",\"potentialAction\":[{\"@type\":\"ReadAction\",\"target\":[\"https:\/\/noticiasdeescobar.online\/?p=770\"]}]},{\"@type\":\"ImageObject\",\"inLanguage\":\"es-AR\",\"@id\":\"https:\/\/noticiasdeescobar.online\/?p=770#primaryimage\",\"url\":\"https:\/\/noticiasdeescobar.online\/wp-content\/uploads\/2025\/04\/jubil-660x400-1.jpg\",\"contentUrl\":\"https:\/\/noticiasdeescobar.online\/wp-content\/uploads\/2025\/04\/jubil-660x400-1.jpg\",\"width\":522,\"height\":354},{\"@type\":\"BreadcrumbList\",\"@id\":\"https:\/\/noticiasdeescobar.online\/?p=770#breadcrumb\",\"itemListElement\":[{\"@type\":\"ListItem\",\"position\":1,\"name\":\"Inicio\",\"item\":\"https:\/\/noticiasdeescobar.online\/\"},{\"@type\":\"ListItem\",\"position\":2,\"name\":\"Accidente de cami\u00f3n en la Panamericana: tres kil\u00f3metros de congesti\u00f3n y desv\u00edo por banquina\"}]},{\"@type\":\"WebSite\",\"@id\":\"https:\/\/noticiasdeescobar.online\/#website\",\"url\":\"https:\/\/noticiasdeescobar.online\/\",\"name\":\"Noticias de Escobar\",\"description\":\"Noticias 24\/7\",\"potentialAction\":[{\"@type\":\"SearchAction\",\"target\":{\"@type\":\"EntryPoint\",\"urlTemplate\":\"https:\/\/noticiasdeescobar.online\/?s={search_term_string}\"},\"query-input\":{\"@type\":\"PropertyValueSpecification\",\"valueRequired\":true,\"valueName\":\"search_term_string\"}}],\"inLanguage\":\"es-AR\"},{\"@type\":\"Person\",\"@id\":\"https:\/\/noticiasdeescobar.online\/#\/schema\/person\/c80a19151f9337b50a779fe1f512ca6a\",\"name\":\"Redacci\u00f3n\",\"image\":{\"@type\":\"ImageObject\",\"inLanguage\":\"es-AR\",\"@id\":\"https:\/\/noticiasdeescobar.online\/#\/schema\/person\/image\/\",\"url\":\"https:\/\/secure.gravatar.com\/avatar\/1db77a0acc41b20b8cbce542c0459eb4?s=96&d=mm&r=g\",\"contentUrl\":\"https:\/\/secure.gravatar.com\/avatar\/1db77a0acc41b20b8cbce542c0459eb4?s=96&d=mm&r=g\",\"caption\":\"Redacci\u00f3n\"},\"sameAs\":[\"http:\/\/noticiasdeescobar.online\"],\"url\":\"https:\/\/noticiasdeescobar.online\/?author=1\"}]}<\/script>\n<!-- \/ Yoast SEO plugin. -->","yoast_head_json":{"title":"Accidente de cami\u00f3n en la Panamericana: tres kil\u00f3metros de congesti\u00f3n y desv\u00edo por banquina - Noticias de Escobar","robots":{"index":"index","follow":"follow","max-snippet":"max-snippet:-1","max-image-preview":"max-image-preview:large","max-video-preview":"max-video-preview:-1"},"canonical":"https:\/\/noticiasdeescobar.online\/?p=770","og_locale":"es_ES","og_type":"article","og_title":"Accidente de cami\u00f3n en la Panamericana: tres kil\u00f3metros de congesti\u00f3n y desv\u00edo por banquina - Noticias de Escobar","og_description":"Pasadas las 9:30 de esta ma\u00f1ana, un cami\u00f3n volc\u00f3 en el kil\u00f3metro 38,500 de la Ruta Panamericana, en sentido a&hellip;","og_url":"https:\/\/noticiasdeescobar.online\/?p=770","og_site_name":"Noticias de Escobar","article_published_time":"2025-04-09T13:42:22+00:00","article_modified_time":"2025-04-09T13:42:23+00:00","og_image":[{"width":522,"height":354,"url":"https:\/\/noticiasdeescobar.online\/wp-content\/uploads\/2025\/04\/jubil-660x400-1.jpg","type":"image\/jpeg"}],"author":"Redacci\u00f3n","twitter_card":"summary_large_image","twitter_misc":{"Escrito por":"Redacci\u00f3n","Tiempo de lectura":"1 minuto"},"schema":{"@context":"https:\/\/schema.org","@graph":[{"@type":"WebPage","@id":"https:\/\/noticiasdeescobar.online\/?p=770","url":"https:\/\/noticiasdeescobar.online\/?p=770","name":"Accidente de cami\u00f3n en la Panamericana: tres kil\u00f3metros de congesti\u00f3n y desv\u00edo por banquina - Noticias de Escobar","isPartOf":{"@id":"https:\/\/noticiasdeescobar.online\/#website"},"primaryImageOfPage":{"@id":"https:\/\/noticiasdeescobar.online\/?p=770#primaryimage"},"image":{"@id":"https:\/\/noticiasdeescobar.online\/?p=770#primaryimage"},"thumbnailUrl":"https:\/\/noticiasdeescobar.online\/wp-content\/uploads\/2025\/04\/jubil-660x400-1.jpg","datePublished":"2025-04-09T13:42:22+00:00","dateModified":"2025-04-09T13:42:23+00:00","author":{"@id":"https:\/\/noticiasdeescobar.online\/#\/schema\/person\/c80a19151f9337b50a779fe1f512ca6a"},"breadcrumb":{"@id":"https:\/\/noticiasdeescobar.online\/?p=770#breadcrumb"},"inLanguage":"es-AR","potentialAction":[{"@type":"ReadAction","target":["https:\/\/noticiasdeescobar.online\/?p=770"]}]},{"@type":"ImageObject","inLanguage":"es-AR","@id":"https:\/\/noticiasdeescobar.online\/?p=770#primaryimage","url":"https:\/\/noticiasdeescobar.online\/wp-content\/uploads\/2025\/04\/jubil-660x400-1.jpg","contentUrl":"https:\/\/noticiasdeescobar.online\/wp-content\/uploads\/2025\/04\/jubil-660x400-1.jpg","width":522,"height":354},{"@type":"BreadcrumbList","@id":"https:\/\/noticiasdeescobar.online\/?p=770#breadcrumb","itemListElement":[{"@type":"ListItem","position":1,"name":"Inicio","item":"https:\/\/noticiasdeescobar.online\/"},{"@type":"ListItem","position":2,"name":"Accidente de cami\u00f3n en la Panamericana: tres kil\u00f3metros de congesti\u00f3n y desv\u00edo por banquina"}]},{"@type":"WebSite","@id":"https:\/\/noticiasdeescobar.online\/#website","url":"https:\/\/noticiasdeescobar.online\/","name":"Noticias de Escobar","description":"Noticias 24\/7","potentialAction":[{"@type":"SearchAction","target":{"@type":"EntryPoint","urlTemplate":"https:\/\/noticiasdeescobar.online\/?s={search_term_string}"},"query-input":{"@type":"PropertyValueSpecification","valueRequired":true,"valueName":"search_term_string"}}],"inLanguage":"es-AR"},{"@type":"Person","@id":"https:\/\/noticiasdeescobar.online\/#\/schema\/person\/c80a19151f9337b50a779fe1f512ca6a","name":"Redacci\u00f3n","image":{"@type":"ImageObject","inLanguage":"es-AR","@id":"https:\/\/noticiasdeescobar.online\/#\/schema\/person\/image\/","url":"https:\/\/secure.gravatar.com\/avatar\/1db77a0acc41b20b8cbce542c0459eb4?s=96&d=mm&r=g","contentUrl":"https:\/\/secure.gravatar.com\/avatar\/1db77a0acc41b20b8cbce542c0459eb4?s=96&d=mm&r=g","caption":"Redacci\u00f3n"},"sameAs":["http:\/\/noticiasdeescobar.online"],"url":"https:\/\/noticiasdeescobar.online\/?author=1"}]}},"_links":{"self":[{"href":"https:\/\/noticiasdeescobar.online\/index.php?rest_route=\/wp\/v2\/posts\/770","targetHints":{"allow":["GET"]}}],"collection":[{"href":"https:\/\/noticiasdeescobar.online\/index.php?rest_route=\/wp\/v2\/posts"}],"about":[{"href":"https:\/\/noticiasdeescobar.online\/index.php?rest_route=\/wp\/v2\/types\/post"}],"author":[{"embeddable":true,"href":"https:\/\/noticiasdeescobar.online\/index.php?rest_route=\/wp\/v2\/users\/1"}],"replies":[{"embeddable":true,"href":"https:\/\/noticiasdeescobar.online\/index.php?rest_route=%2Fwp%2Fv2%2Fcomments&post=770"}],"version-history":[{"count":1,"href":"https:\/\/noticiasdeescobar.online\/index.php?rest_route=\/wp\/v2\/posts\/770\/revisions"}],"predecessor-version":[{"id":772,"href":"https:\/\/noticiasdeescobar.online\/index.php?rest_route=\/wp\/v2\/posts\/770\/revisions\/772"}],"wp:featuredmedia":[{"embeddable":true,"href":"https:\/\/noticiasdeescobar.online\/index.php?rest_route=\/wp\/v2\/media\/771"}],"wp:attachment":[{"href":"https:\/\/noticiasdeescobar.online\/index.php?rest_route=%2Fwp%2Fv2%2Fmedia&parent=770"}],"wp:term":[{"taxonomy":"category","embeddable":true,"href":"https:\/\/noticiasdeescobar.online\/index.php?rest_route=%2Fwp%2Fv2%2Fcategories&post=770"},{"taxonomy":"post_tag","embeddable":true,"href":"https:\/\/noticiasdeescobar.online\/index.php?rest_route=%2Fwp%2Fv2%2Ftags&post=770"}],"curies":[{"name":"wp","href":"https:\/\/api.w.org\/{rel}","templated":true}]}}