{"id":840,"date":"2025-04-24T12:32:56","date_gmt":"2025-04-24T12:32:56","guid":{"rendered":"https:\/\/noticiasdeescobar.online\/?p=840"},"modified":"2025-04-24T12:32:57","modified_gmt":"2025-04-24T12:32:57","slug":"accidente-entre-camiones-en-matheu-un-conductor-salio-ileso","status":"publish","type":"post","link":"https:\/\/noticiasdeescobar.online\/?p=840","title":{"rendered":"Accidente entre camiones en Matheu: un conductor sali\u00f3 ileso"},"content":{"rendered":"\n<p>Un accidente entre dos camiones gener\u00f3 conmoci\u00f3n esta ma\u00f1ana en la intersecci\u00f3n de Ruta 25 y la calle Los Mandarinos, en sentido hacia Villa Rosa. <\/p>\n\n\n\n<!--more-->\n\n\n\n<p>El hecho ocurri\u00f3 alrededor de las 6:00 a.m., cuando un cami\u00f3n doble acoplado colision\u00f3 con otro veh\u00edculo de carga que, seg\u00fan las primeras informaciones, se encontraba detenido en la banquina.<\/p>\n\n\n\n<p>El impacto fue de consideraci\u00f3n, aunque por fortuna no hubo que lamentar heridos graves. El conductor del cami\u00f3n doble acoplado result\u00f3 con algunos golpes menores, pero se encontraba consciente y pudo salir por sus propios medios del veh\u00edculo, siendo asistido posteriormente por personal del SAME. No fue necesario su traslado al hospital.<\/p>\n\n\n\n<p>La escena gener\u00f3 demoras en el tr\u00e1nsito, ya que uno de los carriles qued\u00f3 parcialmente obstruido mientras se realizaban las tareas de remoci\u00f3n y peritaje. Efectivos de la polic\u00eda y personal de tr\u00e1nsito del municipio trabajaron en el lugar para ordenar la circulaci\u00f3n y determinar las causas del siniestro.<\/p>\n\n\n\n<p>Vecinos de la zona se\u00f1alan que es frecuente ver camiones detenidos sobre la Ruta 25, especialmente en horas tempranas. La investigaci\u00f3n contin\u00faa para establecer si el cami\u00f3n estacionado estaba se\u00f1alizado correctamente y si el conductor del cami\u00f3n involucrado tuvo la visibilidad necesaria al momento del impacto.<\/p>\n","protected":false},"excerpt":{"rendered":"<p>Un accidente entre dos camiones gener\u00f3 conmoci\u00f3n esta ma\u00f1ana en la intersecci\u00f3n de Ruta 25 y la calle Los Mandarinos,&hellip;<\/p>\n","protected":false},"author":1,"featured_media":841,"comment_status":"open","ping_status":"open","sticky":false,"template":"","format":"standard","meta":{"_monsterinsights_skip_tracking":false,"_monsterinsights_sitenote_active":false,"_monsterinsights_sitenote_note":"","_monsterinsights_sitenote_category":0,"footnotes":""},"categories":[2],"tags":[26,30],"class_list":["post-840","post","type-post","status-publish","format-standard","has-post-thumbnail","hentry","category-policiales","tag-accidente","tag-matheu"],"yoast_head":"<!-- This site is optimized with the Yoast SEO plugin v25.3.1 - https:\/\/yoast.com\/wordpress\/plugins\/seo\/ -->\n<title>Accidente entre camiones en Matheu: un conductor sali\u00f3 ileso - Noticias de Escobar<\/title>\n<meta name=\"robots\" content=\"index, follow, max-snippet:-1, max-image-preview:large, max-video-preview:-1\" \/>\n<link rel=\"canonical\" href=\"https:\/\/noticiasdeescobar.online\/?p=840\" \/>\n<meta property=\"og:locale\" content=\"es_ES\" \/>\n<meta property=\"og:type\" content=\"article\" \/>\n<meta property=\"og:title\" content=\"Accidente entre camiones en Matheu: un conductor sali\u00f3 ileso - Noticias de Escobar\" \/>\n<meta property=\"og:description\" content=\"Un accidente entre dos camiones gener\u00f3 conmoci\u00f3n esta ma\u00f1ana en la intersecci\u00f3n de Ruta 25 y la calle Los Mandarinos,&hellip;\" \/>\n<meta property=\"og:url\" content=\"https:\/\/noticiasdeescobar.online\/?p=840\" \/>\n<meta property=\"og:site_name\" content=\"Noticias de Escobar\" \/>\n<meta property=\"article:published_time\" content=\"2025-04-24T12:32:56+00:00\" \/>\n<meta property=\"article:modified_time\" content=\"2025-04-24T12:32:57+00:00\" \/>\n<meta property=\"og:image\" content=\"https:\/\/noticiasdeescobar.online\/wp-content\/uploads\/2025\/04\/492561286_2081429995712341_2424904790235411396_n.jpg\" \/>\n\t<meta property=\"og:image:width\" content=\"1156\" \/>\n\t<meta property=\"og:image:height\" content=\"867\" \/>\n\t<meta property=\"og:image:type\" content=\"image\/jpeg\" \/>\n<meta name=\"author\" content=\"Redacci\u00f3n\" \/>\n<meta name=\"twitter:card\" content=\"summary_large_image\" \/>\n<meta name=\"twitter:label1\" content=\"Escrito por\" \/>\n\t<meta name=\"twitter:data1\" content=\"Redacci\u00f3n\" \/>\n\t<meta name=\"twitter:label2\" content=\"Tiempo de lectura\" \/>\n\t<meta name=\"twitter:data2\" content=\"1 minuto\" \/>\n<script type=\"application\/ld+json\" class=\"yoast-schema-graph\">{\"@context\":\"https:\/\/schema.org\",\"@graph\":[{\"@type\":\"WebPage\",\"@id\":\"https:\/\/noticiasdeescobar.online\/?p=840\",\"url\":\"https:\/\/noticiasdeescobar.online\/?p=840\",\"name\":\"Accidente entre camiones en Matheu: un conductor sali\u00f3 ileso - Noticias de Escobar\",\"isPartOf\":{\"@id\":\"https:\/\/noticiasdeescobar.online\/#website\"},\"primaryImageOfPage\":{\"@id\":\"https:\/\/noticiasdeescobar.online\/?p=840#primaryimage\"},\"image\":{\"@id\":\"https:\/\/noticiasdeescobar.online\/?p=840#primaryimage\"},\"thumbnailUrl\":\"https:\/\/noticiasdeescobar.online\/wp-content\/uploads\/2025\/04\/492561286_2081429995712341_2424904790235411396_n.jpg\",\"datePublished\":\"2025-04-24T12:32:56+00:00\",\"dateModified\":\"2025-04-24T12:32:57+00:00\",\"author\":{\"@id\":\"https:\/\/noticiasdeescobar.online\/#\/schema\/person\/c80a19151f9337b50a779fe1f512ca6a\"},\"breadcrumb\":{\"@id\":\"https:\/\/noticiasdeescobar.online\/?p=840#breadcrumb\"},\"inLanguage\":\"es-AR\",\"potentialAction\":[{\"@type\":\"ReadAction\",\"target\":[\"https:\/\/noticiasdeescobar.online\/?p=840\"]}]},{\"@type\":\"ImageObject\",\"inLanguage\":\"es-AR\",\"@id\":\"https:\/\/noticiasdeescobar.online\/?p=840#primaryimage\",\"url\":\"https:\/\/noticiasdeescobar.online\/wp-content\/uploads\/2025\/04\/492561286_2081429995712341_2424904790235411396_n.jpg\",\"contentUrl\":\"https:\/\/noticiasdeescobar.online\/wp-content\/uploads\/2025\/04\/492561286_2081429995712341_2424904790235411396_n.jpg\",\"width\":1156,\"height\":867},{\"@type\":\"BreadcrumbList\",\"@id\":\"https:\/\/noticiasdeescobar.online\/?p=840#breadcrumb\",\"itemListElement\":[{\"@type\":\"ListItem\",\"position\":1,\"name\":\"Inicio\",\"item\":\"https:\/\/noticiasdeescobar.online\/\"},{\"@type\":\"ListItem\",\"position\":2,\"name\":\"Accidente entre camiones en Matheu: un conductor sali\u00f3 ileso\"}]},{\"@type\":\"WebSite\",\"@id\":\"https:\/\/noticiasdeescobar.online\/#website\",\"url\":\"https:\/\/noticiasdeescobar.online\/\",\"name\":\"Noticias de Escobar\",\"description\":\"Noticias 24\/7\",\"potentialAction\":[{\"@type\":\"SearchAction\",\"target\":{\"@type\":\"EntryPoint\",\"urlTemplate\":\"https:\/\/noticiasdeescobar.online\/?s={search_term_string}\"},\"query-input\":{\"@type\":\"PropertyValueSpecification\",\"valueRequired\":true,\"valueName\":\"search_term_string\"}}],\"inLanguage\":\"es-AR\"},{\"@type\":\"Person\",\"@id\":\"https:\/\/noticiasdeescobar.online\/#\/schema\/person\/c80a19151f9337b50a779fe1f512ca6a\",\"name\":\"Redacci\u00f3n\",\"image\":{\"@type\":\"ImageObject\",\"inLanguage\":\"es-AR\",\"@id\":\"https:\/\/noticiasdeescobar.online\/#\/schema\/person\/image\/\",\"url\":\"https:\/\/secure.gravatar.com\/avatar\/1db77a0acc41b20b8cbce542c0459eb4?s=96&d=mm&r=g\",\"contentUrl\":\"https:\/\/secure.gravatar.com\/avatar\/1db77a0acc41b20b8cbce542c0459eb4?s=96&d=mm&r=g\",\"caption\":\"Redacci\u00f3n\"},\"sameAs\":[\"http:\/\/noticiasdeescobar.online\"],\"url\":\"https:\/\/noticiasdeescobar.online\/?author=1\"}]}<\/script>\n<!-- \/ Yoast SEO plugin. -->","yoast_head_json":{"title":"Accidente entre camiones en Matheu: un conductor sali\u00f3 ileso - Noticias de Escobar","robots":{"index":"index","follow":"follow","max-snippet":"max-snippet:-1","max-image-preview":"max-image-preview:large","max-video-preview":"max-video-preview:-1"},"canonical":"https:\/\/noticiasdeescobar.online\/?p=840","og_locale":"es_ES","og_type":"article","og_title":"Accidente entre camiones en Matheu: un conductor sali\u00f3 ileso - Noticias de Escobar","og_description":"Un accidente entre dos camiones gener\u00f3 conmoci\u00f3n esta ma\u00f1ana en la intersecci\u00f3n de Ruta 25 y la calle Los Mandarinos,&hellip;","og_url":"https:\/\/noticiasdeescobar.online\/?p=840","og_site_name":"Noticias de Escobar","article_published_time":"2025-04-24T12:32:56+00:00","article_modified_time":"2025-04-24T12:32:57+00:00","og_image":[{"width":1156,"height":867,"url":"https:\/\/noticiasdeescobar.online\/wp-content\/uploads\/2025\/04\/492561286_2081429995712341_2424904790235411396_n.jpg","type":"image\/jpeg"}],"author":"Redacci\u00f3n","twitter_card":"summary_large_image","twitter_misc":{"Escrito por":"Redacci\u00f3n","Tiempo de lectura":"1 minuto"},"schema":{"@context":"https:\/\/schema.org","@graph":[{"@type":"WebPage","@id":"https:\/\/noticiasdeescobar.online\/?p=840","url":"https:\/\/noticiasdeescobar.online\/?p=840","name":"Accidente entre camiones en Matheu: un conductor sali\u00f3 ileso - Noticias de Escobar","isPartOf":{"@id":"https:\/\/noticiasdeescobar.online\/#website"},"primaryImageOfPage":{"@id":"https:\/\/noticiasdeescobar.online\/?p=840#primaryimage"},"image":{"@id":"https:\/\/noticiasdeescobar.online\/?p=840#primaryimage"},"thumbnailUrl":"https:\/\/noticiasdeescobar.online\/wp-content\/uploads\/2025\/04\/492561286_2081429995712341_2424904790235411396_n.jpg","datePublished":"2025-04-24T12:32:56+00:00","dateModified":"2025-04-24T12:32:57+00:00","author":{"@id":"https:\/\/noticiasdeescobar.online\/#\/schema\/person\/c80a19151f9337b50a779fe1f512ca6a"},"breadcrumb":{"@id":"https:\/\/noticiasdeescobar.online\/?p=840#breadcrumb"},"inLanguage":"es-AR","potentialAction":[{"@type":"ReadAction","target":["https:\/\/noticiasdeescobar.online\/?p=840"]}]},{"@type":"ImageObject","inLanguage":"es-AR","@id":"https:\/\/noticiasdeescobar.online\/?p=840#primaryimage","url":"https:\/\/noticiasdeescobar.online\/wp-content\/uploads\/2025\/04\/492561286_2081429995712341_2424904790235411396_n.jpg","contentUrl":"https:\/\/noticiasdeescobar.online\/wp-content\/uploads\/2025\/04\/492561286_2081429995712341_2424904790235411396_n.jpg","width":1156,"height":867},{"@type":"BreadcrumbList","@id":"https:\/\/noticiasdeescobar.online\/?p=840#breadcrumb","itemListElement":[{"@type":"ListItem","position":1,"name":"Inicio","item":"https:\/\/noticiasdeescobar.online\/"},{"@type":"ListItem","position":2,"name":"Accidente entre camiones en Matheu: un conductor sali\u00f3 ileso"}]},{"@type":"WebSite","@id":"https:\/\/noticiasdeescobar.online\/#website","url":"https:\/\/noticiasdeescobar.online\/","name":"Noticias de Escobar","description":"Noticias 24\/7","potentialAction":[{"@type":"SearchAction","target":{"@type":"EntryPoint","urlTemplate":"https:\/\/noticiasdeescobar.online\/?s={search_term_string}"},"query-input":{"@type":"PropertyValueSpecification","valueRequired":true,"valueName":"search_term_string"}}],"inLanguage":"es-AR"},{"@type":"Person","@id":"https:\/\/noticiasdeescobar.online\/#\/schema\/person\/c80a19151f9337b50a779fe1f512ca6a","name":"Redacci\u00f3n","image":{"@type":"ImageObject","inLanguage":"es-AR","@id":"https:\/\/noticiasdeescobar.online\/#\/schema\/person\/image\/","url":"https:\/\/secure.gravatar.com\/avatar\/1db77a0acc41b20b8cbce542c0459eb4?s=96&d=mm&r=g","contentUrl":"https:\/\/secure.gravatar.com\/avatar\/1db77a0acc41b20b8cbce542c0459eb4?s=96&d=mm&r=g","caption":"Redacci\u00f3n"},"sameAs":["http:\/\/noticiasdeescobar.online"],"url":"https:\/\/noticiasdeescobar.online\/?author=1"}]}},"_links":{"self":[{"href":"https:\/\/noticiasdeescobar.online\/index.php?rest_route=\/wp\/v2\/posts\/840","targetHints":{"allow":["GET"]}}],"collection":[{"href":"https:\/\/noticiasdeescobar.online\/index.php?rest_route=\/wp\/v2\/posts"}],"about":[{"href":"https:\/\/noticiasdeescobar.online\/index.php?rest_route=\/wp\/v2\/types\/post"}],"author":[{"embeddable":true,"href":"https:\/\/noticiasdeescobar.online\/index.php?rest_route=\/wp\/v2\/users\/1"}],"replies":[{"embeddable":true,"href":"https:\/\/noticiasdeescobar.online\/index.php?rest_route=%2Fwp%2Fv2%2Fcomments&post=840"}],"version-history":[{"count":1,"href":"https:\/\/noticiasdeescobar.online\/index.php?rest_route=\/wp\/v2\/posts\/840\/revisions"}],"predecessor-version":[{"id":842,"href":"https:\/\/noticiasdeescobar.online\/index.php?rest_route=\/wp\/v2\/posts\/840\/revisions\/842"}],"wp:featuredmedia":[{"embeddable":true,"href":"https:\/\/noticiasdeescobar.online\/index.php?rest_route=\/wp\/v2\/media\/841"}],"wp:attachment":[{"href":"https:\/\/noticiasdeescobar.online\/index.php?rest_route=%2Fwp%2Fv2%2Fmedia&parent=840"}],"wp:term":[{"taxonomy":"category","embeddable":true,"href":"https:\/\/noticiasdeescobar.online\/index.php?rest_route=%2Fwp%2Fv2%2Fcategories&post=840"},{"taxonomy":"post_tag","embeddable":true,"href":"https:\/\/noticiasdeescobar.online\/index.php?rest_route=%2Fwp%2Fv2%2Ftags&post=840"}],"curies":[{"name":"wp","href":"https:\/\/api.w.org\/{rel}","templated":true}]}}