{"id":844,"date":"2025-04-29T21:30:33","date_gmt":"2025-04-29T21:30:33","guid":{"rendered":"https:\/\/noticiasdeescobar.online\/?p=844"},"modified":"2025-04-29T21:34:44","modified_gmt":"2025-04-29T21:34:44","slug":"la-camara-de-diputados-de-la-provincia-reconocio-al-historiador-alfredo-melidore-por-su-aporte-cultural","status":"publish","type":"post","link":"https:\/\/noticiasdeescobar.online\/?p=844","title":{"rendered":"La C\u00e1mara de Diputados de la Provincia reconoci\u00f3 al historiador Alfredo Melidore por su aporte cultural\u00a0"},"content":{"rendered":"\n<p>El historiador local Alfredo Melidore fue reconocido esta semana por la C\u00e1mara de Diputados de la Provincia de Buenos, en el marco de la segunda sesi\u00f3n ordinaria\u00a0del a\u00f1o.\u00a0<\/p>\n\n\n\n<!--more-->\n\n\n\n<p>Por iniciativa del legislador Leo Moreno, se le realiz\u00f3 un Reconocimiento de inter\u00e9s cultural que fue aprobado este lunes por la c\u00e1mara baja provincial. &nbsp;<\/p>\n\n\n\n<p>En la jornada legislativa, que tuvo como epicentro la eliminaci\u00f3n de las PASO, tuvo varios proyectos donde se reconoci\u00f3 a vecinos del distrito: tres m\u00e9dicos hist\u00f3ricos que cuidaron la salud de nuestro distrito durante d\u00e9cadas como Javier Burruchaga, Rub\u00e9n Gonz\u00e1lez y Gustavo Lemme.\u00a0<\/p>\n\n\n<div class=\"wp-block-image\">\n<figure class=\"aligncenter size-large\"><img loading=\"lazy\" decoding=\"async\" width=\"1024\" height=\"683\" src=\"https:\/\/noticiasdeescobar.online\/wp-content\/uploads\/2025\/04\/494872093_1136959658471158_7383067739935504336_n-1024x683.jpg\" alt=\"\" class=\"wp-image-846\" srcset=\"https:\/\/noticiasdeescobar.online\/wp-content\/uploads\/2025\/04\/494872093_1136959658471158_7383067739935504336_n-1024x683.jpg 1024w, https:\/\/noticiasdeescobar.online\/wp-content\/uploads\/2025\/04\/494872093_1136959658471158_7383067739935504336_n-300x200.jpg 300w, https:\/\/noticiasdeescobar.online\/wp-content\/uploads\/2025\/04\/494872093_1136959658471158_7383067739935504336_n-768x513.jpg 768w, https:\/\/noticiasdeescobar.online\/wp-content\/uploads\/2025\/04\/494872093_1136959658471158_7383067739935504336_n-1536x1025.jpg 1536w, https:\/\/noticiasdeescobar.online\/wp-content\/uploads\/2025\/04\/494872093_1136959658471158_7383067739935504336_n.jpg 1798w\" sizes=\"auto, (max-width: 1024px) 100vw, 1024px\" \/><figcaption class=\"wp-element-caption\">El proyecto fue aprobado ayer en la C\u00e1mara de Diputados de la Provincia.<\/figcaption><\/figure><\/div>\n\n\n<p><br>\u00a0<br>\u201cTambi\u00e9n declaramos de inter\u00e9s provincial al Club Arenal (que celebra 85 a\u00f1os de vida), a la Panader\u00eda Bertolotti (presente desde 1893), a la Helader\u00eda Conti, y a la banda Sal Demonio, que cumple 30 a\u00f1os de trayectoria y es reconocida en la escena local y regional. Escobar tiene una historia y una cultura que nos llenan de orgullo, y hoy fueron reconocidas por toda la provincia\u201d, resalt\u00f3 Moreno, vecino de Ingeniero Maschwitz.\u00a0<\/p>\n\n\n\n<p><strong>Melidore, historiador de bajo perfil<\/strong>&nbsp;<\/p>\n\n\n\n<p>Alfredo Nicol\u00e1s Melidore naci\u00f3 en Escobar el 29 de noviembre de 1950. Es un respetado historiador que apunt\u00f3, en gran parte de su trabajo, en el estudio de la rica hist\u00f3rica escobarense.&nbsp;&nbsp;<\/p>\n\n\n\n<p>Es autor del libro \u201cApuntes hist\u00f3ricos de la Primera Escuela de Bel\u00e9n\u201d, en referencia a los 110 a\u00f1os de la Escuela N\u00b01 (1882-1992). Tambi\u00e9n de \u201cEscobar, un futuro en marcha\u201d, de Ediciones Proa (2000).&nbsp;<\/p>\n\n\n\n<p>Tambi\u00e9n escribi\u00f3 los fasc\u00edculos \u201cS\u00edntesis hist\u00f3ricos sobre la Parroquia de Bel\u00e9n 1887-1987\u201d, \u201cEscuela N\u00b0 2: 100 a\u00f1os, una historia (1886-1986), \u201cApuntes hist\u00f3ricos sobre la semblanza del granadero Juan Mateo Gelvez\u201d (febrero de 1986), \u201cAportaciones y citas para la historia de Escobar (octubre de 1984), \u201cEl d\u00eda de San Roque en Escobar\u201d (agosto de 1981, segunda edici\u00f3n agosto de 1990), \u201cPrimer intento de emancipar Bel\u00e9n del Partido del Pilar (octubre de 1985), \u201cDon Francisco Laur\u00eda: vida y obra\u201d (junio de 1982), \u201cAportaciones para la historia de la Escuela N\u00b0 4 (marzo de 1984), \u201cSemblanza del Granadero Juan Mateo Gelves\u201d (marzo de 1979), \u201cPioneros y cultores del teatro escobarense\u201d (noviembre de 1992 primera edici\u00f3n, agosto de 1994 la segunda), \u201cEntrega de tierras a Don Alonso de Escobar\u201d (febrero de 1982), \u201cMonse\u00f1or Burdet, vida y obra\u201d (enero de 1984), \u201cHomenaje a Do\u00f1a Eugenia Tapia de Cruz en el centenario de su muerte\u201d (enero de 1989), \u201c1883-1\u00b0 de junio-1983 Centenario Escuela N\u00b0 1\u201d, \u201cHomenaje a Sergiani\u201d (mayo de 1982), \u201cEscobar, tiempo de historia\u201d (diciembre de 1991) y \u201c100 a\u00f1os de la Sociedad Italia de Socorros Mutuos de Escobar\u201d (octubre de 1989), entre otros.&nbsp;<\/p>\n\n\n<div class=\"wp-block-image\">\n<figure class=\"aligncenter size-full\"><img loading=\"lazy\" decoding=\"async\" width=\"593\" height=\"395\" src=\"https:\/\/noticiasdeescobar.online\/wp-content\/uploads\/2025\/04\/493192061_557357634069057_8792340730814721619_n.jpg\" alt=\"\" class=\"wp-image-847\" srcset=\"https:\/\/noticiasdeescobar.online\/wp-content\/uploads\/2025\/04\/493192061_557357634069057_8792340730814721619_n.jpg 593w, https:\/\/noticiasdeescobar.online\/wp-content\/uploads\/2025\/04\/493192061_557357634069057_8792340730814721619_n-300x200.jpg 300w\" sizes=\"auto, (max-width: 593px) 100vw, 593px\" \/><figcaption class=\"wp-element-caption\">El escobarense Leo Moreno fue el promotor del proyecto.<\/figcaption><\/figure><\/div>\n\n\n<p>Dirigi\u00f3 la revista mensual \u201cHistoriando Escobar: la historia popular\u201d, desde abril de 2006 hasta julio de 2009. Este medio, que reflejaba la historia y los protagonistas del pueblo, fue declarado de Inter\u00e9s Legislativo por la Honorable C\u00e1mara de Senadores de la Provincia de Buenos Aires (noviembre de 2007) y por el Honorable Concejo Deliberante de Escobar (mayo de 2006).&nbsp;<\/p>\n\n\n\n<p>Fue parte de distintas exposiciones realizadas en su distrito, como en la \u201cPrimera exposici\u00f3n del ayer escobarense\u201d, llevada adelante en el sal\u00f3n \u201cFrancisco Laur\u00eda\u201d de la Sociedad Italia (junto de 1982), \u201cPioneros del teatro escobarense\u201d, en el Teatro Girona (agosto de 1984), exposici\u00f3n por las Bodas de oro del Instituto Secundario General Belgrano (mayo de 2003), Feria del Libro de 1991, en la sede de la Sociedad Fiesta de la Flor, Feria del Libro de la Casa de la Cultura (1986-1987), exposiciones en la Feria del Libro organizada por el Centro Cultural Macacha G\u00fcemes, en las ediciones 2013 y 2015.&nbsp;&nbsp;<\/p>\n\n\n\n<p>Fue autor tambi\u00e9n del material volcado en la ordenanza sancionada el 23 de febrero de 1996 donde se decreta el 4 de marzo de 1877 como la fecha exacta de la creaci\u00f3n del Pueblo de Bel\u00e9n.&nbsp;<\/p>\n\n\n\n<p>Junto a Rub\u00e9n Decima fue el autor del Grupo de Investigaci\u00f3n Hist\u00f3rica en la Sociedad Italia de Socorros Mutuos (10 de enero de 1976) y brind\u00f3 charlas en distintas escuelas primarias del Partido de Escobar.&nbsp;<\/p>\n\n\n\n<p>En 1980 organiz\u00f3 charlas hist\u00f3ricas a cargo de Hialmar Gammalsson, Antonio Carrizo, Eduardo Aliverti y Federico Kirbus.&nbsp;<\/p>\n\n\n\n<p>Tuvo participaci\u00f3n en programas radiales de la zona como en La Voz de Escobar, desde 1987 a 1992 (Historiando Escobar), en Radio Santa Mar\u00eda, desde el a\u00f1o 2000 hasta su cierre, en Radio Frecuencia 106, en micros televisivos como DAV Televisi\u00f3n Color, y en emisoras nacionales, como La Vida y el Canto (1999) de Antonio Carrizo (Radio Rivadavia), Bravo Continental (2013), con Fernando Bravo y en Radio Provincia, hablando sobre el nacimiento de Bel\u00e9n (2014).&nbsp;<\/p>\n\n\n\n<p>Fue, dentro de sus lazos con entidades de bien p\u00fablico, socio fundador del Ferroamigos Club Escobar, en noviembre de 1995, siendo director del \u00e1rea Archivo; integrante del Grupo de Teatro Vocacional Candilejas (1971-1976), integrante de la Cofrad\u00eda de San Roque (1981-2003), creador de la Comisi\u00f3n Permanente de Homenaje a Do\u00f1a Eugenia Tapia de Cruz (desde el a\u00f1o 2012), moderador de debates de los candidatos locales organizados por el Banco de la Ribera (1989-1993).&nbsp;<\/p>\n\n\n\n<p>Colabor\u00f3 desinteresadamente con el Teatro Seminari aportando material que se exhibe en el hall principal del edificio, a prop\u00f3sito de su reinauguraci\u00f3n en 2018. Su relaci\u00f3n con el hist\u00f3rico edificio de la calle Mitre es larga y rica, ya no solo como un espectador m\u00e1s, sino que desde adolescente estuvo relacionado con las distintas actividades del cine y teatro, ya sea como proyector o actuando sobre tablas.&nbsp;&nbsp;<\/p>\n","protected":false},"excerpt":{"rendered":"<p>El historiador local Alfredo Melidore fue reconocido esta semana por la C\u00e1mara de Diputados de la Provincia de Buenos, en&hellip;<\/p>\n","protected":false},"author":1,"featured_media":845,"comment_status":"open","ping_status":"open","sticky":false,"template":"","format":"standard","meta":{"_monsterinsights_skip_tracking":false,"_monsterinsights_sitenote_active":false,"_monsterinsights_sitenote_note":"","_monsterinsights_sitenote_category":0,"footnotes":""},"categories":[6],"tags":[9],"class_list":["post-844","post","type-post","status-publish","format-standard","has-post-thumbnail","hentry","category-interes-general","tag-alfredo-melidore"],"yoast_head":"<!-- This site is optimized with the Yoast SEO plugin v25.3.1 - https:\/\/yoast.com\/wordpress\/plugins\/seo\/ -->\n<title>La C\u00e1mara de Diputados de la Provincia reconoci\u00f3 al historiador Alfredo Melidore por su aporte cultural\u00a0 - Noticias de Escobar<\/title>\n<meta name=\"robots\" content=\"index, follow, max-snippet:-1, max-image-preview:large, max-video-preview:-1\" \/>\n<link rel=\"canonical\" href=\"https:\/\/noticiasdeescobar.online\/?p=844\" \/>\n<meta property=\"og:locale\" content=\"es_ES\" \/>\n<meta property=\"og:type\" content=\"article\" \/>\n<meta property=\"og:title\" content=\"La C\u00e1mara de Diputados de la Provincia reconoci\u00f3 al historiador Alfredo Melidore por su aporte cultural\u00a0 - Noticias de Escobar\" \/>\n<meta property=\"og:description\" content=\"El historiador local Alfredo Melidore fue reconocido esta semana por la C\u00e1mara de Diputados de la Provincia de Buenos, en&hellip;\" \/>\n<meta property=\"og:url\" content=\"https:\/\/noticiasdeescobar.online\/?p=844\" \/>\n<meta property=\"og:site_name\" content=\"Noticias de Escobar\" \/>\n<meta property=\"article:published_time\" content=\"2025-04-29T21:30:33+00:00\" \/>\n<meta property=\"article:modified_time\" content=\"2025-04-29T21:34:44+00:00\" \/>\n<meta property=\"og:image\" content=\"https:\/\/noticiasdeescobar.online\/wp-content\/uploads\/2025\/04\/468946324_3759970014255789_3706734609916277163_n-e1745962118859.jpg\" \/>\n\t<meta property=\"og:image:width\" content=\"960\" \/>\n\t<meta property=\"og:image:height\" content=\"817\" \/>\n\t<meta property=\"og:image:type\" content=\"image\/jpeg\" \/>\n<meta name=\"author\" content=\"Redacci\u00f3n\" \/>\n<meta name=\"twitter:card\" content=\"summary_large_image\" \/>\n<meta name=\"twitter:label1\" content=\"Escrito por\" \/>\n\t<meta name=\"twitter:data1\" content=\"Redacci\u00f3n\" \/>\n\t<meta name=\"twitter:label2\" content=\"Tiempo de lectura\" \/>\n\t<meta name=\"twitter:data2\" content=\"5 minutos\" \/>\n<script type=\"application\/ld+json\" class=\"yoast-schema-graph\">{\"@context\":\"https:\/\/schema.org\",\"@graph\":[{\"@type\":\"WebPage\",\"@id\":\"https:\/\/noticiasdeescobar.online\/?p=844\",\"url\":\"https:\/\/noticiasdeescobar.online\/?p=844\",\"name\":\"La C\u00e1mara de Diputados de la Provincia reconoci\u00f3 al historiador Alfredo Melidore por su aporte cultural\u00a0 - Noticias de Escobar\",\"isPartOf\":{\"@id\":\"https:\/\/noticiasdeescobar.online\/#website\"},\"primaryImageOfPage\":{\"@id\":\"https:\/\/noticiasdeescobar.online\/?p=844#primaryimage\"},\"image\":{\"@id\":\"https:\/\/noticiasdeescobar.online\/?p=844#primaryimage\"},\"thumbnailUrl\":\"https:\/\/noticiasdeescobar.online\/wp-content\/uploads\/2025\/04\/468946324_3759970014255789_3706734609916277163_n-e1745962118859.jpg\",\"datePublished\":\"2025-04-29T21:30:33+00:00\",\"dateModified\":\"2025-04-29T21:34:44+00:00\",\"author\":{\"@id\":\"https:\/\/noticiasdeescobar.online\/#\/schema\/person\/c80a19151f9337b50a779fe1f512ca6a\"},\"breadcrumb\":{\"@id\":\"https:\/\/noticiasdeescobar.online\/?p=844#breadcrumb\"},\"inLanguage\":\"es-AR\",\"potentialAction\":[{\"@type\":\"ReadAction\",\"target\":[\"https:\/\/noticiasdeescobar.online\/?p=844\"]}]},{\"@type\":\"ImageObject\",\"inLanguage\":\"es-AR\",\"@id\":\"https:\/\/noticiasdeescobar.online\/?p=844#primaryimage\",\"url\":\"https:\/\/noticiasdeescobar.online\/wp-content\/uploads\/2025\/04\/468946324_3759970014255789_3706734609916277163_n-e1745962118859.jpg\",\"contentUrl\":\"https:\/\/noticiasdeescobar.online\/wp-content\/uploads\/2025\/04\/468946324_3759970014255789_3706734609916277163_n-e1745962118859.jpg\",\"width\":960,\"height\":817},{\"@type\":\"BreadcrumbList\",\"@id\":\"https:\/\/noticiasdeescobar.online\/?p=844#breadcrumb\",\"itemListElement\":[{\"@type\":\"ListItem\",\"position\":1,\"name\":\"Inicio\",\"item\":\"https:\/\/noticiasdeescobar.online\/\"},{\"@type\":\"ListItem\",\"position\":2,\"name\":\"La C\u00e1mara de Diputados de la Provincia reconoci\u00f3 al historiador Alfredo Melidore por su aporte cultural\u00a0\"}]},{\"@type\":\"WebSite\",\"@id\":\"https:\/\/noticiasdeescobar.online\/#website\",\"url\":\"https:\/\/noticiasdeescobar.online\/\",\"name\":\"Noticias de Escobar\",\"description\":\"Noticias 24\/7\",\"potentialAction\":[{\"@type\":\"SearchAction\",\"target\":{\"@type\":\"EntryPoint\",\"urlTemplate\":\"https:\/\/noticiasdeescobar.online\/?s={search_term_string}\"},\"query-input\":{\"@type\":\"PropertyValueSpecification\",\"valueRequired\":true,\"valueName\":\"search_term_string\"}}],\"inLanguage\":\"es-AR\"},{\"@type\":\"Person\",\"@id\":\"https:\/\/noticiasdeescobar.online\/#\/schema\/person\/c80a19151f9337b50a779fe1f512ca6a\",\"name\":\"Redacci\u00f3n\",\"image\":{\"@type\":\"ImageObject\",\"inLanguage\":\"es-AR\",\"@id\":\"https:\/\/noticiasdeescobar.online\/#\/schema\/person\/image\/\",\"url\":\"https:\/\/secure.gravatar.com\/avatar\/1db77a0acc41b20b8cbce542c0459eb4?s=96&d=mm&r=g\",\"contentUrl\":\"https:\/\/secure.gravatar.com\/avatar\/1db77a0acc41b20b8cbce542c0459eb4?s=96&d=mm&r=g\",\"caption\":\"Redacci\u00f3n\"},\"sameAs\":[\"http:\/\/noticiasdeescobar.online\"],\"url\":\"https:\/\/noticiasdeescobar.online\/?author=1\"}]}<\/script>\n<!-- \/ Yoast SEO plugin. -->","yoast_head_json":{"title":"La C\u00e1mara de Diputados de la Provincia reconoci\u00f3 al historiador Alfredo Melidore por su aporte cultural\u00a0 - Noticias de Escobar","robots":{"index":"index","follow":"follow","max-snippet":"max-snippet:-1","max-image-preview":"max-image-preview:large","max-video-preview":"max-video-preview:-1"},"canonical":"https:\/\/noticiasdeescobar.online\/?p=844","og_locale":"es_ES","og_type":"article","og_title":"La C\u00e1mara de Diputados de la Provincia reconoci\u00f3 al historiador Alfredo Melidore por su aporte cultural\u00a0 - Noticias de Escobar","og_description":"El historiador local Alfredo Melidore fue reconocido esta semana por la C\u00e1mara de Diputados de la Provincia de Buenos, en&hellip;","og_url":"https:\/\/noticiasdeescobar.online\/?p=844","og_site_name":"Noticias de Escobar","article_published_time":"2025-04-29T21:30:33+00:00","article_modified_time":"2025-04-29T21:34:44+00:00","og_image":[{"width":960,"height":817,"url":"https:\/\/noticiasdeescobar.online\/wp-content\/uploads\/2025\/04\/468946324_3759970014255789_3706734609916277163_n-e1745962118859.jpg","type":"image\/jpeg"}],"author":"Redacci\u00f3n","twitter_card":"summary_large_image","twitter_misc":{"Escrito por":"Redacci\u00f3n","Tiempo de lectura":"5 minutos"},"schema":{"@context":"https:\/\/schema.org","@graph":[{"@type":"WebPage","@id":"https:\/\/noticiasdeescobar.online\/?p=844","url":"https:\/\/noticiasdeescobar.online\/?p=844","name":"La C\u00e1mara de Diputados de la Provincia reconoci\u00f3 al historiador Alfredo Melidore por su aporte cultural\u00a0 - Noticias de Escobar","isPartOf":{"@id":"https:\/\/noticiasdeescobar.online\/#website"},"primaryImageOfPage":{"@id":"https:\/\/noticiasdeescobar.online\/?p=844#primaryimage"},"image":{"@id":"https:\/\/noticiasdeescobar.online\/?p=844#primaryimage"},"thumbnailUrl":"https:\/\/noticiasdeescobar.online\/wp-content\/uploads\/2025\/04\/468946324_3759970014255789_3706734609916277163_n-e1745962118859.jpg","datePublished":"2025-04-29T21:30:33+00:00","dateModified":"2025-04-29T21:34:44+00:00","author":{"@id":"https:\/\/noticiasdeescobar.online\/#\/schema\/person\/c80a19151f9337b50a779fe1f512ca6a"},"breadcrumb":{"@id":"https:\/\/noticiasdeescobar.online\/?p=844#breadcrumb"},"inLanguage":"es-AR","potentialAction":[{"@type":"ReadAction","target":["https:\/\/noticiasdeescobar.online\/?p=844"]}]},{"@type":"ImageObject","inLanguage":"es-AR","@id":"https:\/\/noticiasdeescobar.online\/?p=844#primaryimage","url":"https:\/\/noticiasdeescobar.online\/wp-content\/uploads\/2025\/04\/468946324_3759970014255789_3706734609916277163_n-e1745962118859.jpg","contentUrl":"https:\/\/noticiasdeescobar.online\/wp-content\/uploads\/2025\/04\/468946324_3759970014255789_3706734609916277163_n-e1745962118859.jpg","width":960,"height":817},{"@type":"BreadcrumbList","@id":"https:\/\/noticiasdeescobar.online\/?p=844#breadcrumb","itemListElement":[{"@type":"ListItem","position":1,"name":"Inicio","item":"https:\/\/noticiasdeescobar.online\/"},{"@type":"ListItem","position":2,"name":"La C\u00e1mara de Diputados de la Provincia reconoci\u00f3 al historiador Alfredo Melidore por su aporte cultural\u00a0"}]},{"@type":"WebSite","@id":"https:\/\/noticiasdeescobar.online\/#website","url":"https:\/\/noticiasdeescobar.online\/","name":"Noticias de Escobar","description":"Noticias 24\/7","potentialAction":[{"@type":"SearchAction","target":{"@type":"EntryPoint","urlTemplate":"https:\/\/noticiasdeescobar.online\/?s={search_term_string}"},"query-input":{"@type":"PropertyValueSpecification","valueRequired":true,"valueName":"search_term_string"}}],"inLanguage":"es-AR"},{"@type":"Person","@id":"https:\/\/noticiasdeescobar.online\/#\/schema\/person\/c80a19151f9337b50a779fe1f512ca6a","name":"Redacci\u00f3n","image":{"@type":"ImageObject","inLanguage":"es-AR","@id":"https:\/\/noticiasdeescobar.online\/#\/schema\/person\/image\/","url":"https:\/\/secure.gravatar.com\/avatar\/1db77a0acc41b20b8cbce542c0459eb4?s=96&d=mm&r=g","contentUrl":"https:\/\/secure.gravatar.com\/avatar\/1db77a0acc41b20b8cbce542c0459eb4?s=96&d=mm&r=g","caption":"Redacci\u00f3n"},"sameAs":["http:\/\/noticiasdeescobar.online"],"url":"https:\/\/noticiasdeescobar.online\/?author=1"}]}},"_links":{"self":[{"href":"https:\/\/noticiasdeescobar.online\/index.php?rest_route=\/wp\/v2\/posts\/844","targetHints":{"allow":["GET"]}}],"collection":[{"href":"https:\/\/noticiasdeescobar.online\/index.php?rest_route=\/wp\/v2\/posts"}],"about":[{"href":"https:\/\/noticiasdeescobar.online\/index.php?rest_route=\/wp\/v2\/types\/post"}],"author":[{"embeddable":true,"href":"https:\/\/noticiasdeescobar.online\/index.php?rest_route=\/wp\/v2\/users\/1"}],"replies":[{"embeddable":true,"href":"https:\/\/noticiasdeescobar.online\/index.php?rest_route=%2Fwp%2Fv2%2Fcomments&post=844"}],"version-history":[{"count":2,"href":"https:\/\/noticiasdeescobar.online\/index.php?rest_route=\/wp\/v2\/posts\/844\/revisions"}],"predecessor-version":[{"id":849,"href":"https:\/\/noticiasdeescobar.online\/index.php?rest_route=\/wp\/v2\/posts\/844\/revisions\/849"}],"wp:featuredmedia":[{"embeddable":true,"href":"https:\/\/noticiasdeescobar.online\/index.php?rest_route=\/wp\/v2\/media\/845"}],"wp:attachment":[{"href":"https:\/\/noticiasdeescobar.online\/index.php?rest_route=%2Fwp%2Fv2%2Fmedia&parent=844"}],"wp:term":[{"taxonomy":"category","embeddable":true,"href":"https:\/\/noticiasdeescobar.online\/index.php?rest_route=%2Fwp%2Fv2%2Fcategories&post=844"},{"taxonomy":"post_tag","embeddable":true,"href":"https:\/\/noticiasdeescobar.online\/index.php?rest_route=%2Fwp%2Fv2%2Ftags&post=844"}],"curies":[{"name":"wp","href":"https:\/\/api.w.org\/{rel}","templated":true}]}}