{"id":859,"date":"2025-05-01T23:44:07","date_gmt":"2025-05-01T23:44:07","guid":{"rendered":"https:\/\/noticiasdeescobar.online\/?p=859"},"modified":"2025-05-01T23:44:32","modified_gmt":"2025-05-01T23:44:32","slug":"cayo-uno-de-los-autores-de-entraderas-a-adultos-mayores-y-se-secuestro-el-auto-que-utilizaba-la-banda","status":"publish","type":"post","link":"https:\/\/noticiasdeescobar.online\/?p=859","title":{"rendered":"Cay\u00f3 uno de los autores de entraderas a adultos mayores y se secuestr\u00f3 el auto que utilizaba la banda"},"content":{"rendered":"\n<p class=\"has-vivid-cyan-blue-color has-text-color has-link-color wp-elements-f33cb82d3da45fb1888dddc0d9c885c0\"><strong><em>El resultado positivo fue posible gracias al trabajo articulado de las Fuerzas de Seguridad con la Polic\u00eda Municipal y el Centro de Monitoreo del Municipio, cuya labor result\u00f3 clave para identificar al Volkswagen Vento involucrado en los hechos delictivos.<\/em><\/strong><\/p>\n\n\n\n<!--more-->\n\n\n\n<p><\/p>\n\n\n\n<p>En el marco de los Operativos de Saturaci\u00f3n dispuestos tras la reuni\u00f3n de mesa de trabajo del d\u00eda lunes con la Secretar\u00eda de Seguridad, el Centro de Monitoreo y con la participaci\u00f3n activa de todas las fuerzas del distrito \u2014Jefatura Departamental, Comisar\u00edas, DDI, SubDDI, GTO y Fuerzas Especiales\u2014 se logr\u00f3 la detenci\u00f3n de un sujeto y el secuestro de un veh\u00edculo.<\/p>\n\n\n\n<p>La polic\u00eda logr\u00f3 la detenci\u00f3n de un hombre y el secuestro de un veh\u00edculo vinculado a una serie de robos bajo la modalidad de \u201centradera\u201d que ten\u00eda como v\u00edctimas a personas mayores, dos de los cuales fueron cometidos en las \u00faltimas semanas en la calle Cervantes y calle Independencia de Bel\u00e9n de Escobar, en la calle Falucho de Ing. Maschwitz y calle 2 de Abril en Gar\u00edn.  <\/p>\n\n\n\n<p>En esos casos las v\u00edctimas fueron personas de 75 y 90 a\u00f1os. Durante la madrugada del mi\u00e9rcoles, se localiz\u00f3 el veh\u00edculo en la intersecci\u00f3n de Rivadavia y colectora oeste, cuando ingresaba a la localidad de Gar\u00edn.<\/p>\n\n\n\n<p>Se implement\u00f3 de inmediato un operativo cerrojo, logrando su interceptaci\u00f3n en Rivadavia y Zabala.El conductor, un hombre de 33 a\u00f1os, fue detenido en el lugar. <\/p>\n\n\n\n<p>Se le incaut\u00f3 una pistola calibre 380 marca Star, con numeraci\u00f3n suprimida, municiones (dos en el cargador y una en rec\u00e1mara), un tel\u00e9fono celular y el autom\u00f3vil identificado en los hechos investigados. <\/p>\n\n\n\n<p>El detenido fue puesto a disposici\u00f3n de la Unidad Fiscal de Investigaciones N.\u00ba 5.Durante las tareas de inteligencia que se desarrollaron en los \u00faltimos d\u00edas se recopilaron im\u00e1genes de c\u00e1maras de seguridad, se analizaron informes de las lectoras de patentes del municipio y se realiz\u00f3 el seguimiento de comunicaciones telef\u00f3nicas.<\/p>\n\n\n\n<p>Todo esto permiti\u00f3 establecer el perfil de los delincuentes y los horarios y las zonas por donde se movilizaban. Por eso se espera que en las pr\u00f3ximas horas se produzcan m\u00e1s detenciones.<\/p>\n","protected":false},"excerpt":{"rendered":"<p>El resultado positivo fue posible gracias al trabajo articulado de las Fuerzas de Seguridad con la Polic\u00eda Municipal y el&hellip;<\/p>\n","protected":false},"author":1,"featured_media":860,"comment_status":"open","ping_status":"open","sticky":false,"template":"","format":"standard","meta":{"_monsterinsights_skip_tracking":false,"_monsterinsights_sitenote_active":false,"_monsterinsights_sitenote_note":"","_monsterinsights_sitenote_category":0,"footnotes":""},"categories":[2],"tags":[],"class_list":["post-859","post","type-post","status-publish","format-standard","has-post-thumbnail","hentry","category-policiales"],"yoast_head":"<!-- This site is optimized with the Yoast SEO plugin v25.3.1 - https:\/\/yoast.com\/wordpress\/plugins\/seo\/ -->\n<title>Cay\u00f3 uno de los autores de entraderas a adultos mayores y se secuestr\u00f3 el auto que utilizaba la banda - Noticias de Escobar<\/title>\n<meta name=\"robots\" content=\"index, follow, max-snippet:-1, max-image-preview:large, max-video-preview:-1\" \/>\n<link rel=\"canonical\" href=\"https:\/\/noticiasdeescobar.online\/?p=859\" \/>\n<meta property=\"og:locale\" content=\"es_ES\" \/>\n<meta property=\"og:type\" content=\"article\" \/>\n<meta property=\"og:title\" content=\"Cay\u00f3 uno de los autores de entraderas a adultos mayores y se secuestr\u00f3 el auto que utilizaba la banda - Noticias de Escobar\" \/>\n<meta property=\"og:description\" content=\"El resultado positivo fue posible gracias al trabajo articulado de las Fuerzas de Seguridad con la Polic\u00eda Municipal y el&hellip;\" \/>\n<meta property=\"og:url\" content=\"https:\/\/noticiasdeescobar.online\/?p=859\" \/>\n<meta property=\"og:site_name\" content=\"Noticias de Escobar\" \/>\n<meta property=\"article:published_time\" content=\"2025-05-01T23:44:07+00:00\" \/>\n<meta property=\"article:modified_time\" content=\"2025-05-01T23:44:32+00:00\" \/>\n<meta property=\"og:image\" content=\"https:\/\/noticiasdeescobar.online\/wp-content\/uploads\/2025\/05\/Screenshot_20250501-2041402.png\" \/>\n\t<meta property=\"og:image:width\" content=\"1080\" \/>\n\t<meta property=\"og:image:height\" content=\"817\" \/>\n\t<meta property=\"og:image:type\" content=\"image\/png\" \/>\n<meta name=\"author\" content=\"Redacci\u00f3n\" \/>\n<meta name=\"twitter:card\" content=\"summary_large_image\" \/>\n<meta name=\"twitter:label1\" content=\"Escrito por\" \/>\n\t<meta name=\"twitter:data1\" content=\"Redacci\u00f3n\" \/>\n\t<meta name=\"twitter:label2\" content=\"Tiempo de lectura\" \/>\n\t<meta name=\"twitter:data2\" content=\"2 minutos\" \/>\n<script type=\"application\/ld+json\" class=\"yoast-schema-graph\">{\"@context\":\"https:\/\/schema.org\",\"@graph\":[{\"@type\":\"WebPage\",\"@id\":\"https:\/\/noticiasdeescobar.online\/?p=859\",\"url\":\"https:\/\/noticiasdeescobar.online\/?p=859\",\"name\":\"Cay\u00f3 uno de los autores de entraderas a adultos mayores y se secuestr\u00f3 el auto que utilizaba la banda - Noticias de Escobar\",\"isPartOf\":{\"@id\":\"https:\/\/noticiasdeescobar.online\/#website\"},\"primaryImageOfPage\":{\"@id\":\"https:\/\/noticiasdeescobar.online\/?p=859#primaryimage\"},\"image\":{\"@id\":\"https:\/\/noticiasdeescobar.online\/?p=859#primaryimage\"},\"thumbnailUrl\":\"https:\/\/noticiasdeescobar.online\/wp-content\/uploads\/2025\/05\/Screenshot_20250501-2041402.png\",\"datePublished\":\"2025-05-01T23:44:07+00:00\",\"dateModified\":\"2025-05-01T23:44:32+00:00\",\"author\":{\"@id\":\"https:\/\/noticiasdeescobar.online\/#\/schema\/person\/c80a19151f9337b50a779fe1f512ca6a\"},\"breadcrumb\":{\"@id\":\"https:\/\/noticiasdeescobar.online\/?p=859#breadcrumb\"},\"inLanguage\":\"es-AR\",\"potentialAction\":[{\"@type\":\"ReadAction\",\"target\":[\"https:\/\/noticiasdeescobar.online\/?p=859\"]}]},{\"@type\":\"ImageObject\",\"inLanguage\":\"es-AR\",\"@id\":\"https:\/\/noticiasdeescobar.online\/?p=859#primaryimage\",\"url\":\"https:\/\/noticiasdeescobar.online\/wp-content\/uploads\/2025\/05\/Screenshot_20250501-2041402.png\",\"contentUrl\":\"https:\/\/noticiasdeescobar.online\/wp-content\/uploads\/2025\/05\/Screenshot_20250501-2041402.png\",\"width\":1080,\"height\":817},{\"@type\":\"BreadcrumbList\",\"@id\":\"https:\/\/noticiasdeescobar.online\/?p=859#breadcrumb\",\"itemListElement\":[{\"@type\":\"ListItem\",\"position\":1,\"name\":\"Inicio\",\"item\":\"https:\/\/noticiasdeescobar.online\/\"},{\"@type\":\"ListItem\",\"position\":2,\"name\":\"Cay\u00f3 uno de los autores de entraderas a adultos mayores y se secuestr\u00f3 el auto que utilizaba la banda\"}]},{\"@type\":\"WebSite\",\"@id\":\"https:\/\/noticiasdeescobar.online\/#website\",\"url\":\"https:\/\/noticiasdeescobar.online\/\",\"name\":\"Noticias de Escobar\",\"description\":\"Noticias 24\/7\",\"potentialAction\":[{\"@type\":\"SearchAction\",\"target\":{\"@type\":\"EntryPoint\",\"urlTemplate\":\"https:\/\/noticiasdeescobar.online\/?s={search_term_string}\"},\"query-input\":{\"@type\":\"PropertyValueSpecification\",\"valueRequired\":true,\"valueName\":\"search_term_string\"}}],\"inLanguage\":\"es-AR\"},{\"@type\":\"Person\",\"@id\":\"https:\/\/noticiasdeescobar.online\/#\/schema\/person\/c80a19151f9337b50a779fe1f512ca6a\",\"name\":\"Redacci\u00f3n\",\"image\":{\"@type\":\"ImageObject\",\"inLanguage\":\"es-AR\",\"@id\":\"https:\/\/noticiasdeescobar.online\/#\/schema\/person\/image\/\",\"url\":\"https:\/\/secure.gravatar.com\/avatar\/1db77a0acc41b20b8cbce542c0459eb4?s=96&d=mm&r=g\",\"contentUrl\":\"https:\/\/secure.gravatar.com\/avatar\/1db77a0acc41b20b8cbce542c0459eb4?s=96&d=mm&r=g\",\"caption\":\"Redacci\u00f3n\"},\"sameAs\":[\"http:\/\/noticiasdeescobar.online\"],\"url\":\"https:\/\/noticiasdeescobar.online\/?author=1\"}]}<\/script>\n<!-- \/ Yoast SEO plugin. -->","yoast_head_json":{"title":"Cay\u00f3 uno de los autores de entraderas a adultos mayores y se secuestr\u00f3 el auto que utilizaba la banda - Noticias de Escobar","robots":{"index":"index","follow":"follow","max-snippet":"max-snippet:-1","max-image-preview":"max-image-preview:large","max-video-preview":"max-video-preview:-1"},"canonical":"https:\/\/noticiasdeescobar.online\/?p=859","og_locale":"es_ES","og_type":"article","og_title":"Cay\u00f3 uno de los autores de entraderas a adultos mayores y se secuestr\u00f3 el auto que utilizaba la banda - Noticias de Escobar","og_description":"El resultado positivo fue posible gracias al trabajo articulado de las Fuerzas de Seguridad con la Polic\u00eda Municipal y el&hellip;","og_url":"https:\/\/noticiasdeescobar.online\/?p=859","og_site_name":"Noticias de Escobar","article_published_time":"2025-05-01T23:44:07+00:00","article_modified_time":"2025-05-01T23:44:32+00:00","og_image":[{"width":1080,"height":817,"url":"https:\/\/noticiasdeescobar.online\/wp-content\/uploads\/2025\/05\/Screenshot_20250501-2041402.png","type":"image\/png"}],"author":"Redacci\u00f3n","twitter_card":"summary_large_image","twitter_misc":{"Escrito por":"Redacci\u00f3n","Tiempo de lectura":"2 minutos"},"schema":{"@context":"https:\/\/schema.org","@graph":[{"@type":"WebPage","@id":"https:\/\/noticiasdeescobar.online\/?p=859","url":"https:\/\/noticiasdeescobar.online\/?p=859","name":"Cay\u00f3 uno de los autores de entraderas a adultos mayores y se secuestr\u00f3 el auto que utilizaba la banda - Noticias de Escobar","isPartOf":{"@id":"https:\/\/noticiasdeescobar.online\/#website"},"primaryImageOfPage":{"@id":"https:\/\/noticiasdeescobar.online\/?p=859#primaryimage"},"image":{"@id":"https:\/\/noticiasdeescobar.online\/?p=859#primaryimage"},"thumbnailUrl":"https:\/\/noticiasdeescobar.online\/wp-content\/uploads\/2025\/05\/Screenshot_20250501-2041402.png","datePublished":"2025-05-01T23:44:07+00:00","dateModified":"2025-05-01T23:44:32+00:00","author":{"@id":"https:\/\/noticiasdeescobar.online\/#\/schema\/person\/c80a19151f9337b50a779fe1f512ca6a"},"breadcrumb":{"@id":"https:\/\/noticiasdeescobar.online\/?p=859#breadcrumb"},"inLanguage":"es-AR","potentialAction":[{"@type":"ReadAction","target":["https:\/\/noticiasdeescobar.online\/?p=859"]}]},{"@type":"ImageObject","inLanguage":"es-AR","@id":"https:\/\/noticiasdeescobar.online\/?p=859#primaryimage","url":"https:\/\/noticiasdeescobar.online\/wp-content\/uploads\/2025\/05\/Screenshot_20250501-2041402.png","contentUrl":"https:\/\/noticiasdeescobar.online\/wp-content\/uploads\/2025\/05\/Screenshot_20250501-2041402.png","width":1080,"height":817},{"@type":"BreadcrumbList","@id":"https:\/\/noticiasdeescobar.online\/?p=859#breadcrumb","itemListElement":[{"@type":"ListItem","position":1,"name":"Inicio","item":"https:\/\/noticiasdeescobar.online\/"},{"@type":"ListItem","position":2,"name":"Cay\u00f3 uno de los autores de entraderas a adultos mayores y se secuestr\u00f3 el auto que utilizaba la banda"}]},{"@type":"WebSite","@id":"https:\/\/noticiasdeescobar.online\/#website","url":"https:\/\/noticiasdeescobar.online\/","name":"Noticias de Escobar","description":"Noticias 24\/7","potentialAction":[{"@type":"SearchAction","target":{"@type":"EntryPoint","urlTemplate":"https:\/\/noticiasdeescobar.online\/?s={search_term_string}"},"query-input":{"@type":"PropertyValueSpecification","valueRequired":true,"valueName":"search_term_string"}}],"inLanguage":"es-AR"},{"@type":"Person","@id":"https:\/\/noticiasdeescobar.online\/#\/schema\/person\/c80a19151f9337b50a779fe1f512ca6a","name":"Redacci\u00f3n","image":{"@type":"ImageObject","inLanguage":"es-AR","@id":"https:\/\/noticiasdeescobar.online\/#\/schema\/person\/image\/","url":"https:\/\/secure.gravatar.com\/avatar\/1db77a0acc41b20b8cbce542c0459eb4?s=96&d=mm&r=g","contentUrl":"https:\/\/secure.gravatar.com\/avatar\/1db77a0acc41b20b8cbce542c0459eb4?s=96&d=mm&r=g","caption":"Redacci\u00f3n"},"sameAs":["http:\/\/noticiasdeescobar.online"],"url":"https:\/\/noticiasdeescobar.online\/?author=1"}]}},"_links":{"self":[{"href":"https:\/\/noticiasdeescobar.online\/index.php?rest_route=\/wp\/v2\/posts\/859","targetHints":{"allow":["GET"]}}],"collection":[{"href":"https:\/\/noticiasdeescobar.online\/index.php?rest_route=\/wp\/v2\/posts"}],"about":[{"href":"https:\/\/noticiasdeescobar.online\/index.php?rest_route=\/wp\/v2\/types\/post"}],"author":[{"embeddable":true,"href":"https:\/\/noticiasdeescobar.online\/index.php?rest_route=\/wp\/v2\/users\/1"}],"replies":[{"embeddable":true,"href":"https:\/\/noticiasdeescobar.online\/index.php?rest_route=%2Fwp%2Fv2%2Fcomments&post=859"}],"version-history":[{"count":1,"href":"https:\/\/noticiasdeescobar.online\/index.php?rest_route=\/wp\/v2\/posts\/859\/revisions"}],"predecessor-version":[{"id":861,"href":"https:\/\/noticiasdeescobar.online\/index.php?rest_route=\/wp\/v2\/posts\/859\/revisions\/861"}],"wp:featuredmedia":[{"embeddable":true,"href":"https:\/\/noticiasdeescobar.online\/index.php?rest_route=\/wp\/v2\/media\/860"}],"wp:attachment":[{"href":"https:\/\/noticiasdeescobar.online\/index.php?rest_route=%2Fwp%2Fv2%2Fmedia&parent=859"}],"wp:term":[{"taxonomy":"category","embeddable":true,"href":"https:\/\/noticiasdeescobar.online\/index.php?rest_route=%2Fwp%2Fv2%2Fcategories&post=859"},{"taxonomy":"post_tag","embeddable":true,"href":"https:\/\/noticiasdeescobar.online\/index.php?rest_route=%2Fwp%2Fv2%2Ftags&post=859"}],"curies":[{"name":"wp","href":"https:\/\/api.w.org\/{rel}","templated":true}]}}