{"id":87,"date":"2024-12-03T23:49:32","date_gmt":"2024-12-03T23:49:32","guid":{"rendered":"https:\/\/noticiasdeescobar.online\/?p=87"},"modified":"2024-12-03T23:49:32","modified_gmt":"2024-12-03T23:49:32","slug":"abre-la-convocatoria-para-cubrir-23-cargos-docentes-para-la-escuela-primaria-municipal-de-maquinista-savio","status":"publish","type":"post","link":"https:\/\/noticiasdeescobar.online\/?p=87","title":{"rendered":"Abre la convocatoria para cubrir 23 cargos docentes para la Escuela Primaria Municipal de Maquinista Savio"},"content":{"rendered":"\n<p>La Municipalidad de Escobar abre la convocatoria para cubrir cargos docentes en la Escuela Primaria Municipal \u201cFlor de Amancay\u201d de Maquinista Savio. Son un total de 23 cargos, desde directivos hasta preceptores, para el ciclo lectivo 2025.&nbsp;<\/p>\n\n\n\n<!--more-->\n\n\n\n<p>A partir del 9 de diciembre y hasta el 20 del mismo mes, se recibir\u00e1n las presentaciones para cubrir el cargo de Director\/a, de Secretario\/a, Coordinador\/a del departamento de Ingl\u00e9s, as\u00ed como de docentes de nivel primario y Preceptor\/a para turno ma\u00f1ana y turno tarde. La convocatoria tambi\u00e9n requiere profesores de Educaci\u00f3n F\u00edsica, de Educaci\u00f3n Art\u00edstica, de Ingl\u00e9s y de Inform\u00e1tica con especializaci\u00f3n en Rob\u00f3tica.&nbsp;<\/p>\n\n\n\n<p>Los cargos a cubrir se completan con la b\u00fasqueda de T\u00e9cnicos o Licenciados en Trabajo Social y Licenciados en Psicopedagog\u00eda para la conformaci\u00f3n del Equipo de Orientaci\u00f3n Escolar.<\/p>\n\n\n\n<p>En todos los casos, los aspirantes deber\u00e1n enviar un mail a secretariaeducacion@escobar.gob.ar con la siguiente documentaci\u00f3n: curr\u00edculum vitae, t\u00edtulos (escaneados); publicaciones, investigaciones o papers realizados (no excluyente) y propuestas de proyectos institucionales (solo para los cargos directivos y de coordinaci\u00f3n del departamento de Ingl\u00e9s).\u00a0<\/p>\n\n\n\n<p>Para m\u00e1s informaci\u00f3n sobre cargas horarias, perfiles acad\u00e9micos y documentaci\u00f3n anexa, se debe consultar en <a href=\"http:\/\/www.escobar.gob.ar\/cargos-docentes\" target=\"_blank\" rel=\"noopener\" title=\"\">www.escobar.gob.ar\/cargos-docentes<\/a><\/p>\n\n\n\n<p>La escuela \u201cFlor de Amancay\u201d, el primer colegio de educaci\u00f3n primaria \u00edntegramente municipal en la historia del partido de Escobar, ofrecer\u00e1 doble jornada y modalidad biling\u00fce.<\/p>\n","protected":false},"excerpt":{"rendered":"<p>La Municipalidad de Escobar abre la convocatoria para cubrir cargos docentes en la Escuela Primaria Municipal \u201cFlor de Amancay\u201d de&hellip;<\/p>\n","protected":false},"author":1,"featured_media":88,"comment_status":"open","ping_status":"open","sticky":false,"template":"","format":"standard","meta":{"_monsterinsights_skip_tracking":false,"_monsterinsights_sitenote_active":false,"_monsterinsights_sitenote_note":"","_monsterinsights_sitenote_category":0,"footnotes":""},"categories":[6],"tags":[],"class_list":["post-87","post","type-post","status-publish","format-standard","has-post-thumbnail","hentry","category-interes-general"],"yoast_head":"<!-- This site is optimized with the Yoast SEO plugin v25.3.1 - https:\/\/yoast.com\/wordpress\/plugins\/seo\/ -->\n<title>Abre la convocatoria para cubrir 23 cargos docentes para la Escuela Primaria Municipal de Maquinista Savio - Noticias de Escobar<\/title>\n<meta name=\"robots\" content=\"index, follow, max-snippet:-1, max-image-preview:large, max-video-preview:-1\" \/>\n<link rel=\"canonical\" href=\"https:\/\/noticiasdeescobar.online\/?p=87\" \/>\n<meta property=\"og:locale\" content=\"es_ES\" \/>\n<meta property=\"og:type\" content=\"article\" \/>\n<meta property=\"og:title\" content=\"Abre la convocatoria para cubrir 23 cargos docentes para la Escuela Primaria Municipal de Maquinista Savio - Noticias de Escobar\" \/>\n<meta property=\"og:description\" content=\"La Municipalidad de Escobar abre la convocatoria para cubrir cargos docentes en la Escuela Primaria Municipal \u201cFlor de Amancay\u201d de&hellip;\" \/>\n<meta property=\"og:url\" content=\"https:\/\/noticiasdeescobar.online\/?p=87\" \/>\n<meta property=\"og:site_name\" content=\"Noticias de Escobar\" \/>\n<meta property=\"article:published_time\" content=\"2024-12-03T23:49:32+00:00\" \/>\n<meta property=\"og:image\" content=\"https:\/\/noticiasdeescobar.online\/wp-content\/uploads\/2024\/12\/whatsapp_image_2024_12_03_at_3_27_36_pm.jpeg\" \/>\n\t<meta property=\"og:image:width\" content=\"1600\" \/>\n\t<meta property=\"og:image:height\" content=\"1067\" \/>\n\t<meta property=\"og:image:type\" content=\"image\/jpeg\" \/>\n<meta name=\"author\" content=\"Redacci\u00f3n\" \/>\n<meta name=\"twitter:card\" content=\"summary_large_image\" \/>\n<meta name=\"twitter:label1\" content=\"Escrito por\" \/>\n\t<meta name=\"twitter:data1\" content=\"Redacci\u00f3n\" \/>\n\t<meta name=\"twitter:label2\" content=\"Tiempo de lectura\" \/>\n\t<meta name=\"twitter:data2\" content=\"1 minuto\" \/>\n<script type=\"application\/ld+json\" class=\"yoast-schema-graph\">{\"@context\":\"https:\/\/schema.org\",\"@graph\":[{\"@type\":\"WebPage\",\"@id\":\"https:\/\/noticiasdeescobar.online\/?p=87\",\"url\":\"https:\/\/noticiasdeescobar.online\/?p=87\",\"name\":\"Abre la convocatoria para cubrir 23 cargos docentes para la Escuela Primaria Municipal de Maquinista Savio - Noticias de Escobar\",\"isPartOf\":{\"@id\":\"https:\/\/noticiasdeescobar.online\/#website\"},\"primaryImageOfPage\":{\"@id\":\"https:\/\/noticiasdeescobar.online\/?p=87#primaryimage\"},\"image\":{\"@id\":\"https:\/\/noticiasdeescobar.online\/?p=87#primaryimage\"},\"thumbnailUrl\":\"https:\/\/noticiasdeescobar.online\/wp-content\/uploads\/2024\/12\/whatsapp_image_2024_12_03_at_3_27_36_pm.jpeg\",\"datePublished\":\"2024-12-03T23:49:32+00:00\",\"author\":{\"@id\":\"https:\/\/noticiasdeescobar.online\/#\/schema\/person\/c80a19151f9337b50a779fe1f512ca6a\"},\"breadcrumb\":{\"@id\":\"https:\/\/noticiasdeescobar.online\/?p=87#breadcrumb\"},\"inLanguage\":\"es-AR\",\"potentialAction\":[{\"@type\":\"ReadAction\",\"target\":[\"https:\/\/noticiasdeescobar.online\/?p=87\"]}]},{\"@type\":\"ImageObject\",\"inLanguage\":\"es-AR\",\"@id\":\"https:\/\/noticiasdeescobar.online\/?p=87#primaryimage\",\"url\":\"https:\/\/noticiasdeescobar.online\/wp-content\/uploads\/2024\/12\/whatsapp_image_2024_12_03_at_3_27_36_pm.jpeg\",\"contentUrl\":\"https:\/\/noticiasdeescobar.online\/wp-content\/uploads\/2024\/12\/whatsapp_image_2024_12_03_at_3_27_36_pm.jpeg\",\"width\":1600,\"height\":1067},{\"@type\":\"BreadcrumbList\",\"@id\":\"https:\/\/noticiasdeescobar.online\/?p=87#breadcrumb\",\"itemListElement\":[{\"@type\":\"ListItem\",\"position\":1,\"name\":\"Inicio\",\"item\":\"https:\/\/noticiasdeescobar.online\/\"},{\"@type\":\"ListItem\",\"position\":2,\"name\":\"Abre la convocatoria para cubrir 23 cargos docentes para la Escuela Primaria Municipal de Maquinista Savio\"}]},{\"@type\":\"WebSite\",\"@id\":\"https:\/\/noticiasdeescobar.online\/#website\",\"url\":\"https:\/\/noticiasdeescobar.online\/\",\"name\":\"Noticias de Escobar\",\"description\":\"Noticias 24\/7\",\"potentialAction\":[{\"@type\":\"SearchAction\",\"target\":{\"@type\":\"EntryPoint\",\"urlTemplate\":\"https:\/\/noticiasdeescobar.online\/?s={search_term_string}\"},\"query-input\":{\"@type\":\"PropertyValueSpecification\",\"valueRequired\":true,\"valueName\":\"search_term_string\"}}],\"inLanguage\":\"es-AR\"},{\"@type\":\"Person\",\"@id\":\"https:\/\/noticiasdeescobar.online\/#\/schema\/person\/c80a19151f9337b50a779fe1f512ca6a\",\"name\":\"Redacci\u00f3n\",\"image\":{\"@type\":\"ImageObject\",\"inLanguage\":\"es-AR\",\"@id\":\"https:\/\/noticiasdeescobar.online\/#\/schema\/person\/image\/\",\"url\":\"https:\/\/secure.gravatar.com\/avatar\/1db77a0acc41b20b8cbce542c0459eb4?s=96&d=mm&r=g\",\"contentUrl\":\"https:\/\/secure.gravatar.com\/avatar\/1db77a0acc41b20b8cbce542c0459eb4?s=96&d=mm&r=g\",\"caption\":\"Redacci\u00f3n\"},\"sameAs\":[\"http:\/\/noticiasdeescobar.online\"],\"url\":\"https:\/\/noticiasdeescobar.online\/?author=1\"}]}<\/script>\n<!-- \/ Yoast SEO plugin. -->","yoast_head_json":{"title":"Abre la convocatoria para cubrir 23 cargos docentes para la Escuela Primaria Municipal de Maquinista Savio - Noticias de Escobar","robots":{"index":"index","follow":"follow","max-snippet":"max-snippet:-1","max-image-preview":"max-image-preview:large","max-video-preview":"max-video-preview:-1"},"canonical":"https:\/\/noticiasdeescobar.online\/?p=87","og_locale":"es_ES","og_type":"article","og_title":"Abre la convocatoria para cubrir 23 cargos docentes para la Escuela Primaria Municipal de Maquinista Savio - Noticias de Escobar","og_description":"La Municipalidad de Escobar abre la convocatoria para cubrir cargos docentes en la Escuela Primaria Municipal \u201cFlor de Amancay\u201d de&hellip;","og_url":"https:\/\/noticiasdeescobar.online\/?p=87","og_site_name":"Noticias de Escobar","article_published_time":"2024-12-03T23:49:32+00:00","og_image":[{"width":1600,"height":1067,"url":"https:\/\/noticiasdeescobar.online\/wp-content\/uploads\/2024\/12\/whatsapp_image_2024_12_03_at_3_27_36_pm.jpeg","type":"image\/jpeg"}],"author":"Redacci\u00f3n","twitter_card":"summary_large_image","twitter_misc":{"Escrito por":"Redacci\u00f3n","Tiempo de lectura":"1 minuto"},"schema":{"@context":"https:\/\/schema.org","@graph":[{"@type":"WebPage","@id":"https:\/\/noticiasdeescobar.online\/?p=87","url":"https:\/\/noticiasdeescobar.online\/?p=87","name":"Abre la convocatoria para cubrir 23 cargos docentes para la Escuela Primaria Municipal de Maquinista Savio - Noticias de Escobar","isPartOf":{"@id":"https:\/\/noticiasdeescobar.online\/#website"},"primaryImageOfPage":{"@id":"https:\/\/noticiasdeescobar.online\/?p=87#primaryimage"},"image":{"@id":"https:\/\/noticiasdeescobar.online\/?p=87#primaryimage"},"thumbnailUrl":"https:\/\/noticiasdeescobar.online\/wp-content\/uploads\/2024\/12\/whatsapp_image_2024_12_03_at_3_27_36_pm.jpeg","datePublished":"2024-12-03T23:49:32+00:00","author":{"@id":"https:\/\/noticiasdeescobar.online\/#\/schema\/person\/c80a19151f9337b50a779fe1f512ca6a"},"breadcrumb":{"@id":"https:\/\/noticiasdeescobar.online\/?p=87#breadcrumb"},"inLanguage":"es-AR","potentialAction":[{"@type":"ReadAction","target":["https:\/\/noticiasdeescobar.online\/?p=87"]}]},{"@type":"ImageObject","inLanguage":"es-AR","@id":"https:\/\/noticiasdeescobar.online\/?p=87#primaryimage","url":"https:\/\/noticiasdeescobar.online\/wp-content\/uploads\/2024\/12\/whatsapp_image_2024_12_03_at_3_27_36_pm.jpeg","contentUrl":"https:\/\/noticiasdeescobar.online\/wp-content\/uploads\/2024\/12\/whatsapp_image_2024_12_03_at_3_27_36_pm.jpeg","width":1600,"height":1067},{"@type":"BreadcrumbList","@id":"https:\/\/noticiasdeescobar.online\/?p=87#breadcrumb","itemListElement":[{"@type":"ListItem","position":1,"name":"Inicio","item":"https:\/\/noticiasdeescobar.online\/"},{"@type":"ListItem","position":2,"name":"Abre la convocatoria para cubrir 23 cargos docentes para la Escuela Primaria Municipal de Maquinista Savio"}]},{"@type":"WebSite","@id":"https:\/\/noticiasdeescobar.online\/#website","url":"https:\/\/noticiasdeescobar.online\/","name":"Noticias de Escobar","description":"Noticias 24\/7","potentialAction":[{"@type":"SearchAction","target":{"@type":"EntryPoint","urlTemplate":"https:\/\/noticiasdeescobar.online\/?s={search_term_string}"},"query-input":{"@type":"PropertyValueSpecification","valueRequired":true,"valueName":"search_term_string"}}],"inLanguage":"es-AR"},{"@type":"Person","@id":"https:\/\/noticiasdeescobar.online\/#\/schema\/person\/c80a19151f9337b50a779fe1f512ca6a","name":"Redacci\u00f3n","image":{"@type":"ImageObject","inLanguage":"es-AR","@id":"https:\/\/noticiasdeescobar.online\/#\/schema\/person\/image\/","url":"https:\/\/secure.gravatar.com\/avatar\/1db77a0acc41b20b8cbce542c0459eb4?s=96&d=mm&r=g","contentUrl":"https:\/\/secure.gravatar.com\/avatar\/1db77a0acc41b20b8cbce542c0459eb4?s=96&d=mm&r=g","caption":"Redacci\u00f3n"},"sameAs":["http:\/\/noticiasdeescobar.online"],"url":"https:\/\/noticiasdeescobar.online\/?author=1"}]}},"_links":{"self":[{"href":"https:\/\/noticiasdeescobar.online\/index.php?rest_route=\/wp\/v2\/posts\/87","targetHints":{"allow":["GET"]}}],"collection":[{"href":"https:\/\/noticiasdeescobar.online\/index.php?rest_route=\/wp\/v2\/posts"}],"about":[{"href":"https:\/\/noticiasdeescobar.online\/index.php?rest_route=\/wp\/v2\/types\/post"}],"author":[{"embeddable":true,"href":"https:\/\/noticiasdeescobar.online\/index.php?rest_route=\/wp\/v2\/users\/1"}],"replies":[{"embeddable":true,"href":"https:\/\/noticiasdeescobar.online\/index.php?rest_route=%2Fwp%2Fv2%2Fcomments&post=87"}],"version-history":[{"count":1,"href":"https:\/\/noticiasdeescobar.online\/index.php?rest_route=\/wp\/v2\/posts\/87\/revisions"}],"predecessor-version":[{"id":89,"href":"https:\/\/noticiasdeescobar.online\/index.php?rest_route=\/wp\/v2\/posts\/87\/revisions\/89"}],"wp:featuredmedia":[{"embeddable":true,"href":"https:\/\/noticiasdeescobar.online\/index.php?rest_route=\/wp\/v2\/media\/88"}],"wp:attachment":[{"href":"https:\/\/noticiasdeescobar.online\/index.php?rest_route=%2Fwp%2Fv2%2Fmedia&parent=87"}],"wp:term":[{"taxonomy":"category","embeddable":true,"href":"https:\/\/noticiasdeescobar.online\/index.php?rest_route=%2Fwp%2Fv2%2Fcategories&post=87"},{"taxonomy":"post_tag","embeddable":true,"href":"https:\/\/noticiasdeescobar.online\/index.php?rest_route=%2Fwp%2Fv2%2Ftags&post=87"}],"curies":[{"name":"wp","href":"https:\/\/api.w.org\/{rel}","templated":true}]}}