{"id":894,"date":"2025-05-11T13:45:05","date_gmt":"2025-05-11T13:45:05","guid":{"rendered":"https:\/\/noticiasdeescobar.online\/?p=894"},"modified":"2025-05-11T14:07:23","modified_gmt":"2025-05-11T14:07:23","slug":"axel-es-la-esperanza-y-el-futuro","status":"publish","type":"post","link":"https:\/\/noticiasdeescobar.online\/?p=894","title":{"rendered":"\u201cAxel es la esperanza y el futuro\u201d\u00a0"},"content":{"rendered":"\n<p>Desde la Agrupaci\u00f3n Bicentenario de Escobar, que se agrupa en el Frente Justicia Social, participaron del primer plenario del Movimiento al Futuro&nbsp;de la primera secci\u00f3n provincial que se realiz\u00f3 en la localidad de San Mart\u00edn con vistas al encuentro que se va a realizar el 24 de mayo.&nbsp;<\/p>\n\n\n\n<!--more-->\n\n\n\n<p>Desde la agrupaci\u00f3n de colectora oeste empezaron a trabajar desde hace unos meses en el espacio del gobernador: &#8221; Axel es la esperanza y el futuro, desde abajo hacia arriba desde la periferia hacia al centro, esto es una construcci\u00f3n colectiva que refleja el trabajo de la militancia a nivel territorial con bastante horizontalidad\u201d.&nbsp;<\/p>\n\n\n\n<p>Miembros de la entidad con sede en Gar\u00edn destacaron que \u201cesto es un movimiento fundacional que alienta a le refundaci\u00f3n de un movimiento que vuelva a enamorar y hacer creer en la pol\u00edtica a muchas personas desencantadas, necesitamos un liderazgo y que mejor que el gobernador de la provincia de Buenos Aires elegido por los bonaerenses en dos periodos&#8221;.&nbsp;<\/p>\n\n\n\n<figure class=\"wp-block-image size-large\"><img loading=\"lazy\" decoding=\"async\" width=\"1024\" height=\"771\" src=\"https:\/\/noticiasdeescobar.online\/wp-content\/uploads\/2025\/05\/886fb2dc-a3de-42dd-93e0-e10188040fcd-1024x771.jpg\" alt=\"\" class=\"wp-image-895\" srcset=\"https:\/\/noticiasdeescobar.online\/wp-content\/uploads\/2025\/05\/886fb2dc-a3de-42dd-93e0-e10188040fcd-1024x771.jpg 1024w, https:\/\/noticiasdeescobar.online\/wp-content\/uploads\/2025\/05\/886fb2dc-a3de-42dd-93e0-e10188040fcd-300x226.jpg 300w, https:\/\/noticiasdeescobar.online\/wp-content\/uploads\/2025\/05\/886fb2dc-a3de-42dd-93e0-e10188040fcd-768x578.jpg 768w, https:\/\/noticiasdeescobar.online\/wp-content\/uploads\/2025\/05\/886fb2dc-a3de-42dd-93e0-e10188040fcd-1536x1156.jpg 1536w, https:\/\/noticiasdeescobar.online\/wp-content\/uploads\/2025\/05\/886fb2dc-a3de-42dd-93e0-e10188040fcd.jpg 1600w\" sizes=\"auto, (max-width: 1024px) 100vw, 1024px\" \/><\/figure>\n\n\n\n<p>Uno de los referentes del movimiento, Franco Jara, destac\u00f3 que \u201cen Escobar entendemos que Ariel Sujarchuk es un gran compa\u00f1ero que supo demostrar el camino a seguir con una gesti\u00f3n modelo que tiene como pilares la educaci\u00f3n,&nbsp;salud y trabajo, por eso lo acompa\u00f1amos a nivel local&#8221;.&nbsp;<\/p>\n\n\n\n<p>\u201cEn breve vamos a estar inaugurando un local del MDF para que todos los que crean que Axel es el camino se puedan sumar\u201d, adelantaron.&nbsp;<\/p>\n\n\n\n<p>Del plenario participaron figuras provinciales como Gabriel Katopodis, Andr\u00e9s &#8220;Cuervo&#8221; Larroque, Walter Correa y tambi\u00e9n\u00a0diputados, concejales e intendentes de la primera secci\u00f3n electoral que apoyan al actual gobernador de la provincia de Buenos Aires.\u00a0<\/p>\n","protected":false},"excerpt":{"rendered":"<p>Desde la Agrupaci\u00f3n Bicentenario de Escobar, que se agrupa en el Frente Justicia Social, participaron del primer plenario del Movimiento&hellip;<\/p>\n","protected":false},"author":1,"featured_media":896,"comment_status":"open","ping_status":"open","sticky":false,"template":"","format":"standard","meta":{"_monsterinsights_skip_tracking":false,"_monsterinsights_sitenote_active":false,"_monsterinsights_sitenote_note":"","_monsterinsights_sitenote_category":0,"footnotes":""},"categories":[22],"tags":[131,151,152],"class_list":["post-894","post","type-post","status-publish","format-standard","has-post-thumbnail","hentry","category-politica","tag-agrupacion-bicentenario","tag-frente-justicia-social","tag-movimiento-al-futuro"],"yoast_head":"<!-- This site is optimized with the Yoast SEO plugin v25.3.1 - https:\/\/yoast.com\/wordpress\/plugins\/seo\/ -->\n<title>\u201cAxel es la esperanza y el futuro\u201d\u00a0 - Noticias de Escobar<\/title>\n<meta name=\"robots\" content=\"index, follow, max-snippet:-1, max-image-preview:large, max-video-preview:-1\" \/>\n<link rel=\"canonical\" href=\"https:\/\/noticiasdeescobar.online\/?p=894\" \/>\n<meta property=\"og:locale\" content=\"es_ES\" \/>\n<meta property=\"og:type\" content=\"article\" \/>\n<meta property=\"og:title\" content=\"\u201cAxel es la esperanza y el futuro\u201d\u00a0 - Noticias de Escobar\" \/>\n<meta property=\"og:description\" content=\"Desde la Agrupaci\u00f3n Bicentenario de Escobar, que se agrupa en el Frente Justicia Social, participaron del primer plenario del Movimiento&hellip;\" \/>\n<meta property=\"og:url\" content=\"https:\/\/noticiasdeescobar.online\/?p=894\" \/>\n<meta property=\"og:site_name\" content=\"Noticias de Escobar\" \/>\n<meta property=\"article:published_time\" content=\"2025-05-11T13:45:05+00:00\" \/>\n<meta property=\"article:modified_time\" content=\"2025-05-11T14:07:23+00:00\" \/>\n<meta property=\"og:image\" content=\"https:\/\/noticiasdeescobar.online\/wp-content\/uploads\/2025\/05\/ff997bf8-414f-4216-96d5-27c8230c246f.jpg\" \/>\n\t<meta property=\"og:image:width\" content=\"1600\" \/>\n\t<meta property=\"og:image:height\" content=\"1118\" \/>\n\t<meta property=\"og:image:type\" content=\"image\/jpeg\" \/>\n<meta name=\"author\" content=\"Redacci\u00f3n\" \/>\n<meta name=\"twitter:card\" content=\"summary_large_image\" \/>\n<meta name=\"twitter:label1\" content=\"Escrito por\" \/>\n\t<meta name=\"twitter:data1\" content=\"Redacci\u00f3n\" \/>\n\t<meta name=\"twitter:label2\" content=\"Tiempo de lectura\" \/>\n\t<meta name=\"twitter:data2\" content=\"1 minuto\" \/>\n<script type=\"application\/ld+json\" class=\"yoast-schema-graph\">{\"@context\":\"https:\/\/schema.org\",\"@graph\":[{\"@type\":\"WebPage\",\"@id\":\"https:\/\/noticiasdeescobar.online\/?p=894\",\"url\":\"https:\/\/noticiasdeescobar.online\/?p=894\",\"name\":\"\u201cAxel es la esperanza y el futuro\u201d\u00a0 - Noticias de Escobar\",\"isPartOf\":{\"@id\":\"https:\/\/noticiasdeescobar.online\/#website\"},\"primaryImageOfPage\":{\"@id\":\"https:\/\/noticiasdeescobar.online\/?p=894#primaryimage\"},\"image\":{\"@id\":\"https:\/\/noticiasdeescobar.online\/?p=894#primaryimage\"},\"thumbnailUrl\":\"https:\/\/noticiasdeescobar.online\/wp-content\/uploads\/2025\/05\/ff997bf8-414f-4216-96d5-27c8230c246f.jpg\",\"datePublished\":\"2025-05-11T13:45:05+00:00\",\"dateModified\":\"2025-05-11T14:07:23+00:00\",\"author\":{\"@id\":\"https:\/\/noticiasdeescobar.online\/#\/schema\/person\/c80a19151f9337b50a779fe1f512ca6a\"},\"breadcrumb\":{\"@id\":\"https:\/\/noticiasdeescobar.online\/?p=894#breadcrumb\"},\"inLanguage\":\"es-AR\",\"potentialAction\":[{\"@type\":\"ReadAction\",\"target\":[\"https:\/\/noticiasdeescobar.online\/?p=894\"]}]},{\"@type\":\"ImageObject\",\"inLanguage\":\"es-AR\",\"@id\":\"https:\/\/noticiasdeescobar.online\/?p=894#primaryimage\",\"url\":\"https:\/\/noticiasdeescobar.online\/wp-content\/uploads\/2025\/05\/ff997bf8-414f-4216-96d5-27c8230c246f.jpg\",\"contentUrl\":\"https:\/\/noticiasdeescobar.online\/wp-content\/uploads\/2025\/05\/ff997bf8-414f-4216-96d5-27c8230c246f.jpg\",\"width\":1600,\"height\":1118},{\"@type\":\"BreadcrumbList\",\"@id\":\"https:\/\/noticiasdeescobar.online\/?p=894#breadcrumb\",\"itemListElement\":[{\"@type\":\"ListItem\",\"position\":1,\"name\":\"Inicio\",\"item\":\"https:\/\/noticiasdeescobar.online\/\"},{\"@type\":\"ListItem\",\"position\":2,\"name\":\"\u201cAxel es la esperanza y el futuro\u201d\u00a0\"}]},{\"@type\":\"WebSite\",\"@id\":\"https:\/\/noticiasdeescobar.online\/#website\",\"url\":\"https:\/\/noticiasdeescobar.online\/\",\"name\":\"Noticias de Escobar\",\"description\":\"Noticias 24\/7\",\"potentialAction\":[{\"@type\":\"SearchAction\",\"target\":{\"@type\":\"EntryPoint\",\"urlTemplate\":\"https:\/\/noticiasdeescobar.online\/?s={search_term_string}\"},\"query-input\":{\"@type\":\"PropertyValueSpecification\",\"valueRequired\":true,\"valueName\":\"search_term_string\"}}],\"inLanguage\":\"es-AR\"},{\"@type\":\"Person\",\"@id\":\"https:\/\/noticiasdeescobar.online\/#\/schema\/person\/c80a19151f9337b50a779fe1f512ca6a\",\"name\":\"Redacci\u00f3n\",\"image\":{\"@type\":\"ImageObject\",\"inLanguage\":\"es-AR\",\"@id\":\"https:\/\/noticiasdeescobar.online\/#\/schema\/person\/image\/\",\"url\":\"https:\/\/secure.gravatar.com\/avatar\/1db77a0acc41b20b8cbce542c0459eb4?s=96&d=mm&r=g\",\"contentUrl\":\"https:\/\/secure.gravatar.com\/avatar\/1db77a0acc41b20b8cbce542c0459eb4?s=96&d=mm&r=g\",\"caption\":\"Redacci\u00f3n\"},\"sameAs\":[\"http:\/\/noticiasdeescobar.online\"],\"url\":\"https:\/\/noticiasdeescobar.online\/?author=1\"}]}<\/script>\n<!-- \/ Yoast SEO plugin. -->","yoast_head_json":{"title":"\u201cAxel es la esperanza y el futuro\u201d\u00a0 - Noticias de Escobar","robots":{"index":"index","follow":"follow","max-snippet":"max-snippet:-1","max-image-preview":"max-image-preview:large","max-video-preview":"max-video-preview:-1"},"canonical":"https:\/\/noticiasdeescobar.online\/?p=894","og_locale":"es_ES","og_type":"article","og_title":"\u201cAxel es la esperanza y el futuro\u201d\u00a0 - Noticias de Escobar","og_description":"Desde la Agrupaci\u00f3n Bicentenario de Escobar, que se agrupa en el Frente Justicia Social, participaron del primer plenario del Movimiento&hellip;","og_url":"https:\/\/noticiasdeescobar.online\/?p=894","og_site_name":"Noticias de Escobar","article_published_time":"2025-05-11T13:45:05+00:00","article_modified_time":"2025-05-11T14:07:23+00:00","og_image":[{"width":1600,"height":1118,"url":"https:\/\/noticiasdeescobar.online\/wp-content\/uploads\/2025\/05\/ff997bf8-414f-4216-96d5-27c8230c246f.jpg","type":"image\/jpeg"}],"author":"Redacci\u00f3n","twitter_card":"summary_large_image","twitter_misc":{"Escrito por":"Redacci\u00f3n","Tiempo de lectura":"1 minuto"},"schema":{"@context":"https:\/\/schema.org","@graph":[{"@type":"WebPage","@id":"https:\/\/noticiasdeescobar.online\/?p=894","url":"https:\/\/noticiasdeescobar.online\/?p=894","name":"\u201cAxel es la esperanza y el futuro\u201d\u00a0 - Noticias de Escobar","isPartOf":{"@id":"https:\/\/noticiasdeescobar.online\/#website"},"primaryImageOfPage":{"@id":"https:\/\/noticiasdeescobar.online\/?p=894#primaryimage"},"image":{"@id":"https:\/\/noticiasdeescobar.online\/?p=894#primaryimage"},"thumbnailUrl":"https:\/\/noticiasdeescobar.online\/wp-content\/uploads\/2025\/05\/ff997bf8-414f-4216-96d5-27c8230c246f.jpg","datePublished":"2025-05-11T13:45:05+00:00","dateModified":"2025-05-11T14:07:23+00:00","author":{"@id":"https:\/\/noticiasdeescobar.online\/#\/schema\/person\/c80a19151f9337b50a779fe1f512ca6a"},"breadcrumb":{"@id":"https:\/\/noticiasdeescobar.online\/?p=894#breadcrumb"},"inLanguage":"es-AR","potentialAction":[{"@type":"ReadAction","target":["https:\/\/noticiasdeescobar.online\/?p=894"]}]},{"@type":"ImageObject","inLanguage":"es-AR","@id":"https:\/\/noticiasdeescobar.online\/?p=894#primaryimage","url":"https:\/\/noticiasdeescobar.online\/wp-content\/uploads\/2025\/05\/ff997bf8-414f-4216-96d5-27c8230c246f.jpg","contentUrl":"https:\/\/noticiasdeescobar.online\/wp-content\/uploads\/2025\/05\/ff997bf8-414f-4216-96d5-27c8230c246f.jpg","width":1600,"height":1118},{"@type":"BreadcrumbList","@id":"https:\/\/noticiasdeescobar.online\/?p=894#breadcrumb","itemListElement":[{"@type":"ListItem","position":1,"name":"Inicio","item":"https:\/\/noticiasdeescobar.online\/"},{"@type":"ListItem","position":2,"name":"\u201cAxel es la esperanza y el futuro\u201d\u00a0"}]},{"@type":"WebSite","@id":"https:\/\/noticiasdeescobar.online\/#website","url":"https:\/\/noticiasdeescobar.online\/","name":"Noticias de Escobar","description":"Noticias 24\/7","potentialAction":[{"@type":"SearchAction","target":{"@type":"EntryPoint","urlTemplate":"https:\/\/noticiasdeescobar.online\/?s={search_term_string}"},"query-input":{"@type":"PropertyValueSpecification","valueRequired":true,"valueName":"search_term_string"}}],"inLanguage":"es-AR"},{"@type":"Person","@id":"https:\/\/noticiasdeescobar.online\/#\/schema\/person\/c80a19151f9337b50a779fe1f512ca6a","name":"Redacci\u00f3n","image":{"@type":"ImageObject","inLanguage":"es-AR","@id":"https:\/\/noticiasdeescobar.online\/#\/schema\/person\/image\/","url":"https:\/\/secure.gravatar.com\/avatar\/1db77a0acc41b20b8cbce542c0459eb4?s=96&d=mm&r=g","contentUrl":"https:\/\/secure.gravatar.com\/avatar\/1db77a0acc41b20b8cbce542c0459eb4?s=96&d=mm&r=g","caption":"Redacci\u00f3n"},"sameAs":["http:\/\/noticiasdeescobar.online"],"url":"https:\/\/noticiasdeescobar.online\/?author=1"}]}},"_links":{"self":[{"href":"https:\/\/noticiasdeescobar.online\/index.php?rest_route=\/wp\/v2\/posts\/894","targetHints":{"allow":["GET"]}}],"collection":[{"href":"https:\/\/noticiasdeescobar.online\/index.php?rest_route=\/wp\/v2\/posts"}],"about":[{"href":"https:\/\/noticiasdeescobar.online\/index.php?rest_route=\/wp\/v2\/types\/post"}],"author":[{"embeddable":true,"href":"https:\/\/noticiasdeescobar.online\/index.php?rest_route=\/wp\/v2\/users\/1"}],"replies":[{"embeddable":true,"href":"https:\/\/noticiasdeescobar.online\/index.php?rest_route=%2Fwp%2Fv2%2Fcomments&post=894"}],"version-history":[{"count":3,"href":"https:\/\/noticiasdeescobar.online\/index.php?rest_route=\/wp\/v2\/posts\/894\/revisions"}],"predecessor-version":[{"id":903,"href":"https:\/\/noticiasdeescobar.online\/index.php?rest_route=\/wp\/v2\/posts\/894\/revisions\/903"}],"wp:featuredmedia":[{"embeddable":true,"href":"https:\/\/noticiasdeescobar.online\/index.php?rest_route=\/wp\/v2\/media\/896"}],"wp:attachment":[{"href":"https:\/\/noticiasdeescobar.online\/index.php?rest_route=%2Fwp%2Fv2%2Fmedia&parent=894"}],"wp:term":[{"taxonomy":"category","embeddable":true,"href":"https:\/\/noticiasdeescobar.online\/index.php?rest_route=%2Fwp%2Fv2%2Fcategories&post=894"},{"taxonomy":"post_tag","embeddable":true,"href":"https:\/\/noticiasdeescobar.online\/index.php?rest_route=%2Fwp%2Fv2%2Ftags&post=894"}],"curies":[{"name":"wp","href":"https:\/\/api.w.org\/{rel}","templated":true}]}}