{"id":909,"date":"2025-05-13T05:53:00","date_gmt":"2025-05-13T05:53:00","guid":{"rendered":"https:\/\/noticiasdeescobar.online\/?p=909"},"modified":"2025-05-13T01:14:28","modified_gmt":"2025-05-13T01:14:28","slug":"capacitacion-conjunta-entre-same-defensa-civil-y-bomberos-fortalece-la-respuesta-ante-emergencias","status":"publish","type":"post","link":"https:\/\/noticiasdeescobar.online\/?p=909","title":{"rendered":"Capacitaci\u00f3n conjunta entre SAME, Defensa Civil y Bomberos fortalece la respuesta ante emergencias"},"content":{"rendered":"\n<p>En una jornada clave para el fortalecimiento de la preparaci\u00f3n operativa ante emergencias, el personal de SAME, Defensa Civil y Bomberos del distrito participaron de una capacitaci\u00f3n integral en rescate vehicular y atenci\u00f3n de trauma. <\/p>\n\n\n\n<!--more-->\n\n\n\n<p>La actividad tuvo lugar en el cuartel central de Gar\u00edn y fue impulsada por la necesidad de reforzar la articulaci\u00f3n entre las distintas fuerzas que act\u00faan en situaciones de crisis.<\/p>\n\n\n\n<figure class=\"wp-block-image size-large\"><img loading=\"lazy\" decoding=\"async\" width=\"1024\" height=\"768\" src=\"https:\/\/noticiasdeescobar.online\/wp-content\/uploads\/2025\/05\/85913c12-cdf2-40a6-897a-65d31c1a1106-1024x768.jpg\" alt=\"\" class=\"wp-image-911\" srcset=\"https:\/\/noticiasdeescobar.online\/wp-content\/uploads\/2025\/05\/85913c12-cdf2-40a6-897a-65d31c1a1106-1024x768.jpg 1024w, https:\/\/noticiasdeescobar.online\/wp-content\/uploads\/2025\/05\/85913c12-cdf2-40a6-897a-65d31c1a1106-300x225.jpg 300w, https:\/\/noticiasdeescobar.online\/wp-content\/uploads\/2025\/05\/85913c12-cdf2-40a6-897a-65d31c1a1106-768x576.jpg 768w, https:\/\/noticiasdeescobar.online\/wp-content\/uploads\/2025\/05\/85913c12-cdf2-40a6-897a-65d31c1a1106-1536x1152.jpg 1536w, https:\/\/noticiasdeescobar.online\/wp-content\/uploads\/2025\/05\/85913c12-cdf2-40a6-897a-65d31c1a1106-2048x1536.jpg 2048w\" sizes=\"auto, (max-width: 1024px) 100vw, 1024px\" \/><figcaption class=\"wp-element-caption\">La capacitaci\u00f3n fue dictada por el doctor Pedro Cepeda.<\/figcaption><\/figure>\n\n\n\n<p>El comandante general Adri\u00e1n Peralta, quien encabez\u00f3 la jornada, destac\u00f3 la importancia de este tipo de instancias de formaci\u00f3n: \u201cEsto sirve para que el personal est\u00e9 cada vez m\u00e1s capacitado, que haya un trabajo en conjunto entre todas las fuerzas operativas\u201d, expres\u00f3.<\/p>\n\n\n\n<p>La capacitaci\u00f3n fue brindada por instructores especializados y tuvo un enfoque pr\u00e1ctico orientado a optimizar los tiempos de respuesta y la coordinaci\u00f3n entre los equipos de rescate en siniestros viales y otras situaciones de emergencia.<\/p>\n\n\n<div class=\"wp-block-image\">\n<figure class=\"aligncenter size-large\"><img loading=\"lazy\" decoding=\"async\" width=\"1024\" height=\"768\" src=\"https:\/\/noticiasdeescobar.online\/wp-content\/uploads\/2025\/05\/ed29d310-7a4a-4bb7-ac45-a69215b5d251-1024x768.jpg\" alt=\"\" class=\"wp-image-912\" srcset=\"https:\/\/noticiasdeescobar.online\/wp-content\/uploads\/2025\/05\/ed29d310-7a4a-4bb7-ac45-a69215b5d251-1024x768.jpg 1024w, https:\/\/noticiasdeescobar.online\/wp-content\/uploads\/2025\/05\/ed29d310-7a4a-4bb7-ac45-a69215b5d251-300x225.jpg 300w, https:\/\/noticiasdeescobar.online\/wp-content\/uploads\/2025\/05\/ed29d310-7a4a-4bb7-ac45-a69215b5d251-768x576.jpg 768w, https:\/\/noticiasdeescobar.online\/wp-content\/uploads\/2025\/05\/ed29d310-7a4a-4bb7-ac45-a69215b5d251-1536x1152.jpg 1536w, https:\/\/noticiasdeescobar.online\/wp-content\/uploads\/2025\/05\/ed29d310-7a4a-4bb7-ac45-a69215b5d251-2048x1536.jpg 2048w\" sizes=\"auto, (max-width: 1024px) 100vw, 1024px\" \/><\/figure><\/div>\n\n\n<p>Peralta tambi\u00e9n subray\u00f3 que esta no ser\u00e1 una acci\u00f3n aislada: \u201cLa idea es seguir haciendo este tipo de jornadas para estar m\u00e1s preparados ante cualquier emergencia\u201d, asegur\u00f3.<\/p>\n\n\n\n<p>Estas actividades conjuntas no solo mejoran la eficacia operativa, sino que tambi\u00e9n consolidan una red de respuesta m\u00e1s eficiente, en beneficio de toda la comunidad.<\/p>\n","protected":false},"excerpt":{"rendered":"<p>En una jornada clave para el fortalecimiento de la preparaci\u00f3n operativa ante emergencias, el personal de SAME, Defensa Civil y&hellip;<\/p>\n","protected":false},"author":1,"featured_media":910,"comment_status":"open","ping_status":"open","sticky":false,"template":"","format":"standard","meta":{"_monsterinsights_skip_tracking":false,"_monsterinsights_sitenote_active":false,"_monsterinsights_sitenote_note":"","_monsterinsights_sitenote_category":0,"footnotes":""},"categories":[6],"tags":[],"class_list":["post-909","post","type-post","status-publish","format-standard","has-post-thumbnail","hentry","category-interes-general"],"yoast_head":"<!-- This site is optimized with the Yoast SEO plugin v25.3.1 - https:\/\/yoast.com\/wordpress\/plugins\/seo\/ -->\n<title>Capacitaci\u00f3n conjunta entre SAME, Defensa Civil y Bomberos fortalece la respuesta ante emergencias - Noticias de Escobar<\/title>\n<meta name=\"robots\" content=\"index, follow, max-snippet:-1, max-image-preview:large, max-video-preview:-1\" \/>\n<link rel=\"canonical\" href=\"https:\/\/noticiasdeescobar.online\/?p=909\" \/>\n<meta property=\"og:locale\" content=\"es_ES\" \/>\n<meta property=\"og:type\" content=\"article\" \/>\n<meta property=\"og:title\" content=\"Capacitaci\u00f3n conjunta entre SAME, Defensa Civil y Bomberos fortalece la respuesta ante emergencias - Noticias de Escobar\" \/>\n<meta property=\"og:description\" content=\"En una jornada clave para el fortalecimiento de la preparaci\u00f3n operativa ante emergencias, el personal de SAME, Defensa Civil y&hellip;\" \/>\n<meta property=\"og:url\" content=\"https:\/\/noticiasdeescobar.online\/?p=909\" \/>\n<meta property=\"og:site_name\" content=\"Noticias de Escobar\" \/>\n<meta property=\"article:published_time\" content=\"2025-05-13T05:53:00+00:00\" \/>\n<meta property=\"og:image\" content=\"https:\/\/noticiasdeescobar.online\/wp-content\/uploads\/2025\/05\/1225ccd2-027c-441e-a259-5c502c1db85c-scaled.jpg\" \/>\n\t<meta property=\"og:image:width\" content=\"2560\" \/>\n\t<meta property=\"og:image:height\" content=\"1920\" \/>\n\t<meta property=\"og:image:type\" content=\"image\/jpeg\" \/>\n<meta name=\"author\" content=\"Redacci\u00f3n\" \/>\n<meta name=\"twitter:card\" content=\"summary_large_image\" \/>\n<meta name=\"twitter:label1\" content=\"Escrito por\" \/>\n\t<meta name=\"twitter:data1\" content=\"Redacci\u00f3n\" \/>\n\t<meta name=\"twitter:label2\" content=\"Tiempo de lectura\" \/>\n\t<meta name=\"twitter:data2\" content=\"1 minuto\" \/>\n<script type=\"application\/ld+json\" class=\"yoast-schema-graph\">{\"@context\":\"https:\/\/schema.org\",\"@graph\":[{\"@type\":\"WebPage\",\"@id\":\"https:\/\/noticiasdeescobar.online\/?p=909\",\"url\":\"https:\/\/noticiasdeescobar.online\/?p=909\",\"name\":\"Capacitaci\u00f3n conjunta entre SAME, Defensa Civil y Bomberos fortalece la respuesta ante emergencias - Noticias de Escobar\",\"isPartOf\":{\"@id\":\"https:\/\/noticiasdeescobar.online\/#website\"},\"primaryImageOfPage\":{\"@id\":\"https:\/\/noticiasdeescobar.online\/?p=909#primaryimage\"},\"image\":{\"@id\":\"https:\/\/noticiasdeescobar.online\/?p=909#primaryimage\"},\"thumbnailUrl\":\"https:\/\/noticiasdeescobar.online\/wp-content\/uploads\/2025\/05\/1225ccd2-027c-441e-a259-5c502c1db85c-scaled.jpg\",\"datePublished\":\"2025-05-13T05:53:00+00:00\",\"author\":{\"@id\":\"https:\/\/noticiasdeescobar.online\/#\/schema\/person\/c80a19151f9337b50a779fe1f512ca6a\"},\"breadcrumb\":{\"@id\":\"https:\/\/noticiasdeescobar.online\/?p=909#breadcrumb\"},\"inLanguage\":\"es-AR\",\"potentialAction\":[{\"@type\":\"ReadAction\",\"target\":[\"https:\/\/noticiasdeescobar.online\/?p=909\"]}]},{\"@type\":\"ImageObject\",\"inLanguage\":\"es-AR\",\"@id\":\"https:\/\/noticiasdeescobar.online\/?p=909#primaryimage\",\"url\":\"https:\/\/noticiasdeescobar.online\/wp-content\/uploads\/2025\/05\/1225ccd2-027c-441e-a259-5c502c1db85c-scaled.jpg\",\"contentUrl\":\"https:\/\/noticiasdeescobar.online\/wp-content\/uploads\/2025\/05\/1225ccd2-027c-441e-a259-5c502c1db85c-scaled.jpg\",\"width\":2560,\"height\":1920},{\"@type\":\"BreadcrumbList\",\"@id\":\"https:\/\/noticiasdeescobar.online\/?p=909#breadcrumb\",\"itemListElement\":[{\"@type\":\"ListItem\",\"position\":1,\"name\":\"Inicio\",\"item\":\"https:\/\/noticiasdeescobar.online\/\"},{\"@type\":\"ListItem\",\"position\":2,\"name\":\"Capacitaci\u00f3n conjunta entre SAME, Defensa Civil y Bomberos fortalece la respuesta ante emergencias\"}]},{\"@type\":\"WebSite\",\"@id\":\"https:\/\/noticiasdeescobar.online\/#website\",\"url\":\"https:\/\/noticiasdeescobar.online\/\",\"name\":\"Noticias de Escobar\",\"description\":\"Noticias 24\/7\",\"potentialAction\":[{\"@type\":\"SearchAction\",\"target\":{\"@type\":\"EntryPoint\",\"urlTemplate\":\"https:\/\/noticiasdeescobar.online\/?s={search_term_string}\"},\"query-input\":{\"@type\":\"PropertyValueSpecification\",\"valueRequired\":true,\"valueName\":\"search_term_string\"}}],\"inLanguage\":\"es-AR\"},{\"@type\":\"Person\",\"@id\":\"https:\/\/noticiasdeescobar.online\/#\/schema\/person\/c80a19151f9337b50a779fe1f512ca6a\",\"name\":\"Redacci\u00f3n\",\"image\":{\"@type\":\"ImageObject\",\"inLanguage\":\"es-AR\",\"@id\":\"https:\/\/noticiasdeescobar.online\/#\/schema\/person\/image\/\",\"url\":\"https:\/\/secure.gravatar.com\/avatar\/1db77a0acc41b20b8cbce542c0459eb4?s=96&d=mm&r=g\",\"contentUrl\":\"https:\/\/secure.gravatar.com\/avatar\/1db77a0acc41b20b8cbce542c0459eb4?s=96&d=mm&r=g\",\"caption\":\"Redacci\u00f3n\"},\"sameAs\":[\"http:\/\/noticiasdeescobar.online\"],\"url\":\"https:\/\/noticiasdeescobar.online\/?author=1\"}]}<\/script>\n<!-- \/ Yoast SEO plugin. -->","yoast_head_json":{"title":"Capacitaci\u00f3n conjunta entre SAME, Defensa Civil y Bomberos fortalece la respuesta ante emergencias - Noticias de Escobar","robots":{"index":"index","follow":"follow","max-snippet":"max-snippet:-1","max-image-preview":"max-image-preview:large","max-video-preview":"max-video-preview:-1"},"canonical":"https:\/\/noticiasdeescobar.online\/?p=909","og_locale":"es_ES","og_type":"article","og_title":"Capacitaci\u00f3n conjunta entre SAME, Defensa Civil y Bomberos fortalece la respuesta ante emergencias - Noticias de Escobar","og_description":"En una jornada clave para el fortalecimiento de la preparaci\u00f3n operativa ante emergencias, el personal de SAME, Defensa Civil y&hellip;","og_url":"https:\/\/noticiasdeescobar.online\/?p=909","og_site_name":"Noticias de Escobar","article_published_time":"2025-05-13T05:53:00+00:00","og_image":[{"width":2560,"height":1920,"url":"https:\/\/noticiasdeescobar.online\/wp-content\/uploads\/2025\/05\/1225ccd2-027c-441e-a259-5c502c1db85c-scaled.jpg","type":"image\/jpeg"}],"author":"Redacci\u00f3n","twitter_card":"summary_large_image","twitter_misc":{"Escrito por":"Redacci\u00f3n","Tiempo de lectura":"1 minuto"},"schema":{"@context":"https:\/\/schema.org","@graph":[{"@type":"WebPage","@id":"https:\/\/noticiasdeescobar.online\/?p=909","url":"https:\/\/noticiasdeescobar.online\/?p=909","name":"Capacitaci\u00f3n conjunta entre SAME, Defensa Civil y Bomberos fortalece la respuesta ante emergencias - Noticias de Escobar","isPartOf":{"@id":"https:\/\/noticiasdeescobar.online\/#website"},"primaryImageOfPage":{"@id":"https:\/\/noticiasdeescobar.online\/?p=909#primaryimage"},"image":{"@id":"https:\/\/noticiasdeescobar.online\/?p=909#primaryimage"},"thumbnailUrl":"https:\/\/noticiasdeescobar.online\/wp-content\/uploads\/2025\/05\/1225ccd2-027c-441e-a259-5c502c1db85c-scaled.jpg","datePublished":"2025-05-13T05:53:00+00:00","author":{"@id":"https:\/\/noticiasdeescobar.online\/#\/schema\/person\/c80a19151f9337b50a779fe1f512ca6a"},"breadcrumb":{"@id":"https:\/\/noticiasdeescobar.online\/?p=909#breadcrumb"},"inLanguage":"es-AR","potentialAction":[{"@type":"ReadAction","target":["https:\/\/noticiasdeescobar.online\/?p=909"]}]},{"@type":"ImageObject","inLanguage":"es-AR","@id":"https:\/\/noticiasdeescobar.online\/?p=909#primaryimage","url":"https:\/\/noticiasdeescobar.online\/wp-content\/uploads\/2025\/05\/1225ccd2-027c-441e-a259-5c502c1db85c-scaled.jpg","contentUrl":"https:\/\/noticiasdeescobar.online\/wp-content\/uploads\/2025\/05\/1225ccd2-027c-441e-a259-5c502c1db85c-scaled.jpg","width":2560,"height":1920},{"@type":"BreadcrumbList","@id":"https:\/\/noticiasdeescobar.online\/?p=909#breadcrumb","itemListElement":[{"@type":"ListItem","position":1,"name":"Inicio","item":"https:\/\/noticiasdeescobar.online\/"},{"@type":"ListItem","position":2,"name":"Capacitaci\u00f3n conjunta entre SAME, Defensa Civil y Bomberos fortalece la respuesta ante emergencias"}]},{"@type":"WebSite","@id":"https:\/\/noticiasdeescobar.online\/#website","url":"https:\/\/noticiasdeescobar.online\/","name":"Noticias de Escobar","description":"Noticias 24\/7","potentialAction":[{"@type":"SearchAction","target":{"@type":"EntryPoint","urlTemplate":"https:\/\/noticiasdeescobar.online\/?s={search_term_string}"},"query-input":{"@type":"PropertyValueSpecification","valueRequired":true,"valueName":"search_term_string"}}],"inLanguage":"es-AR"},{"@type":"Person","@id":"https:\/\/noticiasdeescobar.online\/#\/schema\/person\/c80a19151f9337b50a779fe1f512ca6a","name":"Redacci\u00f3n","image":{"@type":"ImageObject","inLanguage":"es-AR","@id":"https:\/\/noticiasdeescobar.online\/#\/schema\/person\/image\/","url":"https:\/\/secure.gravatar.com\/avatar\/1db77a0acc41b20b8cbce542c0459eb4?s=96&d=mm&r=g","contentUrl":"https:\/\/secure.gravatar.com\/avatar\/1db77a0acc41b20b8cbce542c0459eb4?s=96&d=mm&r=g","caption":"Redacci\u00f3n"},"sameAs":["http:\/\/noticiasdeescobar.online"],"url":"https:\/\/noticiasdeescobar.online\/?author=1"}]}},"_links":{"self":[{"href":"https:\/\/noticiasdeescobar.online\/index.php?rest_route=\/wp\/v2\/posts\/909","targetHints":{"allow":["GET"]}}],"collection":[{"href":"https:\/\/noticiasdeescobar.online\/index.php?rest_route=\/wp\/v2\/posts"}],"about":[{"href":"https:\/\/noticiasdeescobar.online\/index.php?rest_route=\/wp\/v2\/types\/post"}],"author":[{"embeddable":true,"href":"https:\/\/noticiasdeescobar.online\/index.php?rest_route=\/wp\/v2\/users\/1"}],"replies":[{"embeddable":true,"href":"https:\/\/noticiasdeescobar.online\/index.php?rest_route=%2Fwp%2Fv2%2Fcomments&post=909"}],"version-history":[{"count":2,"href":"https:\/\/noticiasdeescobar.online\/index.php?rest_route=\/wp\/v2\/posts\/909\/revisions"}],"predecessor-version":[{"id":914,"href":"https:\/\/noticiasdeescobar.online\/index.php?rest_route=\/wp\/v2\/posts\/909\/revisions\/914"}],"wp:featuredmedia":[{"embeddable":true,"href":"https:\/\/noticiasdeescobar.online\/index.php?rest_route=\/wp\/v2\/media\/910"}],"wp:attachment":[{"href":"https:\/\/noticiasdeescobar.online\/index.php?rest_route=%2Fwp%2Fv2%2Fmedia&parent=909"}],"wp:term":[{"taxonomy":"category","embeddable":true,"href":"https:\/\/noticiasdeescobar.online\/index.php?rest_route=%2Fwp%2Fv2%2Fcategories&post=909"},{"taxonomy":"post_tag","embeddable":true,"href":"https:\/\/noticiasdeescobar.online\/index.php?rest_route=%2Fwp%2Fv2%2Ftags&post=909"}],"curies":[{"name":"wp","href":"https:\/\/api.w.org\/{rel}","templated":true}]}}