{"id":960,"date":"2025-05-24T23:43:00","date_gmt":"2025-05-24T23:43:00","guid":{"rendered":"https:\/\/noticiasdeescobar.online\/?p=960"},"modified":"2025-05-25T01:59:11","modified_gmt":"2025-05-25T01:59:11","slug":"luego-de-una-decada-detuvieron-a-un-profugo-por-homicidio","status":"publish","type":"post","link":"https:\/\/noticiasdeescobar.online\/?p=960","title":{"rendered":"Luego de una d\u00e9cada, detuvieron a un pr\u00f3fugo por homicidio"},"content":{"rendered":"\n<p class=\"has-vivid-cyan-blue-color has-text-color has-link-color wp-elements-b8129e74ff7371f2a2b1a08b837bd5d2\"><br><strong><em>Cay\u00f3 en Gar\u00edn un pr\u00f3fugo por asesinato: estaba evadido desde 2015 y usaba identidad falsa.<\/em><\/strong><\/p>\n\n\n\n<!--more-->\n\n\n\n<p>n hombre que se encontraba pr\u00f3fugo desde 2015 por un violento ataque armado que dej\u00f3 un muerto y un herido grave fue detenido en las \u00faltimas horas en la localidad de <strong>Gar\u00edn<\/strong>, mientras trabajaba utilizando una identidad falsa.<\/p>\n\n\n\n<p>La detenci\u00f3n fue el resultado de un <strong>trabajo conjunto entre la Polic\u00eda de Investigaciones (DDI) de San Mart\u00edn y la Polic\u00eda Municipal de Escobar<\/strong>, quienes llevaron adelante una investigaci\u00f3n sostenida que permiti\u00f3 dar con el paradero del fugitivo luego de casi una d\u00e9cada.<\/p>\n\n\n\n<p>Seg\u00fan informaron desde la <strong>Secretar\u00eda de Seguridad de Escobar<\/strong>, el sospechoso intent\u00f3 mentir sobre su identidad al ser interceptado por los efectivos, pero ante la presi\u00f3n de las pruebas recolectadas, termin\u00f3 confesando su verdadero nombre. Se constat\u00f3 que pesaba sobre \u00e9l un <strong>pedido de captura activo por homicidio y tentativa de homicidio<\/strong>.<\/p>\n\n\n\n<p>El hecho por el que estaba siendo buscado ocurri\u00f3 en 2015, cuando el ahora detenido, junto a un c\u00f3mplice, atac\u00f3 a tiros un veh\u00edculo en el que se desplazaban dos personas. <strong>Una de las v\u00edctimas falleci\u00f3 en el acto<\/strong>, mientras que la otra result\u00f3 gravemente herida. En la escena del crimen se secuestraron <strong>siete vainas servidas calibre .45<\/strong>, prueba clave para el avance de la causa.<\/p>\n\n\n\n<p>El operativo fue considerado un logro importante por parte de las autoridades, ya que se logr\u00f3 cerrar un caso que permanec\u00eda <strong>impune desde hac\u00eda casi diez a\u00f1os<\/strong>. El detenido qued\u00f3 a disposici\u00f3n de la Justicia y ser\u00e1 trasladado para prestar declaraci\u00f3n indagatoria en los pr\u00f3ximos d\u00edas.<\/p>\n\n\n\n<p>Desde la Secretar\u00eda de Seguridad destacaron la importancia de <strong>la articulaci\u00f3n entre fuerzas locales y provinciales<\/strong> para la resoluci\u00f3n de este tipo de causas complejas: \u201cEl trabajo sostenido, la cooperaci\u00f3n y el compromiso entre las distintas \u00e1reas de seguridad permitieron sacar de circulaci\u00f3n a una persona que representaba un grave peligro para la sociedad\u201d.<\/p>\n","protected":false},"excerpt":{"rendered":"<p>Cay\u00f3 en Gar\u00edn un pr\u00f3fugo por asesinato: estaba evadido desde 2015 y usaba identidad falsa.<\/p>\n","protected":false},"author":1,"featured_media":961,"comment_status":"open","ping_status":"open","sticky":false,"template":"","format":"standard","meta":{"_monsterinsights_skip_tracking":false,"_monsterinsights_sitenote_active":false,"_monsterinsights_sitenote_note":"","_monsterinsights_sitenote_category":0,"footnotes":""},"categories":[2],"tags":[167],"class_list":["post-960","post","type-post","status-publish","format-standard","has-post-thumbnail","hentry","category-policiales","tag-profugo"],"yoast_head":"<!-- This site is optimized with the Yoast SEO plugin v25.3.1 - https:\/\/yoast.com\/wordpress\/plugins\/seo\/ -->\n<title>Luego de una d\u00e9cada, detuvieron a un pr\u00f3fugo por homicidio - Noticias de Escobar<\/title>\n<meta name=\"robots\" content=\"index, follow, max-snippet:-1, max-image-preview:large, max-video-preview:-1\" \/>\n<link rel=\"canonical\" href=\"https:\/\/noticiasdeescobar.online\/?p=960\" \/>\n<meta property=\"og:locale\" content=\"es_ES\" \/>\n<meta property=\"og:type\" content=\"article\" \/>\n<meta property=\"og:title\" content=\"Luego de una d\u00e9cada, detuvieron a un pr\u00f3fugo por homicidio - Noticias de Escobar\" \/>\n<meta property=\"og:description\" content=\"Cay\u00f3 en Gar\u00edn un pr\u00f3fugo por asesinato: estaba evadido desde 2015 y usaba identidad falsa.\" \/>\n<meta property=\"og:url\" content=\"https:\/\/noticiasdeescobar.online\/?p=960\" \/>\n<meta property=\"og:site_name\" content=\"Noticias de Escobar\" \/>\n<meta property=\"article:published_time\" content=\"2025-05-24T23:43:00+00:00\" \/>\n<meta property=\"article:modified_time\" content=\"2025-05-25T01:59:11+00:00\" \/>\n<meta property=\"og:image\" content=\"https:\/\/noticiasdeescobar.online\/wp-content\/uploads\/2025\/05\/prguf.jpg\" \/>\n\t<meta property=\"og:image:width\" content=\"461\" \/>\n\t<meta property=\"og:image:height\" content=\"363\" \/>\n\t<meta property=\"og:image:type\" content=\"image\/jpeg\" \/>\n<meta name=\"author\" content=\"Redacci\u00f3n\" \/>\n<meta name=\"twitter:card\" content=\"summary_large_image\" \/>\n<meta name=\"twitter:label1\" content=\"Escrito por\" \/>\n\t<meta name=\"twitter:data1\" content=\"Redacci\u00f3n\" \/>\n\t<meta name=\"twitter:label2\" content=\"Tiempo de lectura\" \/>\n\t<meta name=\"twitter:data2\" content=\"2 minutos\" \/>\n<script type=\"application\/ld+json\" class=\"yoast-schema-graph\">{\"@context\":\"https:\/\/schema.org\",\"@graph\":[{\"@type\":\"WebPage\",\"@id\":\"https:\/\/noticiasdeescobar.online\/?p=960\",\"url\":\"https:\/\/noticiasdeescobar.online\/?p=960\",\"name\":\"Luego de una d\u00e9cada, detuvieron a un pr\u00f3fugo por homicidio - Noticias de Escobar\",\"isPartOf\":{\"@id\":\"https:\/\/noticiasdeescobar.online\/#website\"},\"primaryImageOfPage\":{\"@id\":\"https:\/\/noticiasdeescobar.online\/?p=960#primaryimage\"},\"image\":{\"@id\":\"https:\/\/noticiasdeescobar.online\/?p=960#primaryimage\"},\"thumbnailUrl\":\"https:\/\/noticiasdeescobar.online\/wp-content\/uploads\/2025\/05\/prguf.jpg\",\"datePublished\":\"2025-05-24T23:43:00+00:00\",\"dateModified\":\"2025-05-25T01:59:11+00:00\",\"author\":{\"@id\":\"https:\/\/noticiasdeescobar.online\/#\/schema\/person\/c80a19151f9337b50a779fe1f512ca6a\"},\"breadcrumb\":{\"@id\":\"https:\/\/noticiasdeescobar.online\/?p=960#breadcrumb\"},\"inLanguage\":\"es-AR\",\"potentialAction\":[{\"@type\":\"ReadAction\",\"target\":[\"https:\/\/noticiasdeescobar.online\/?p=960\"]}]},{\"@type\":\"ImageObject\",\"inLanguage\":\"es-AR\",\"@id\":\"https:\/\/noticiasdeescobar.online\/?p=960#primaryimage\",\"url\":\"https:\/\/noticiasdeescobar.online\/wp-content\/uploads\/2025\/05\/prguf.jpg\",\"contentUrl\":\"https:\/\/noticiasdeescobar.online\/wp-content\/uploads\/2025\/05\/prguf.jpg\",\"width\":461,\"height\":363},{\"@type\":\"BreadcrumbList\",\"@id\":\"https:\/\/noticiasdeescobar.online\/?p=960#breadcrumb\",\"itemListElement\":[{\"@type\":\"ListItem\",\"position\":1,\"name\":\"Inicio\",\"item\":\"https:\/\/noticiasdeescobar.online\/\"},{\"@type\":\"ListItem\",\"position\":2,\"name\":\"Luego de una d\u00e9cada, detuvieron a un pr\u00f3fugo por homicidio\"}]},{\"@type\":\"WebSite\",\"@id\":\"https:\/\/noticiasdeescobar.online\/#website\",\"url\":\"https:\/\/noticiasdeescobar.online\/\",\"name\":\"Noticias de Escobar\",\"description\":\"Noticias 24\/7\",\"potentialAction\":[{\"@type\":\"SearchAction\",\"target\":{\"@type\":\"EntryPoint\",\"urlTemplate\":\"https:\/\/noticiasdeescobar.online\/?s={search_term_string}\"},\"query-input\":{\"@type\":\"PropertyValueSpecification\",\"valueRequired\":true,\"valueName\":\"search_term_string\"}}],\"inLanguage\":\"es-AR\"},{\"@type\":\"Person\",\"@id\":\"https:\/\/noticiasdeescobar.online\/#\/schema\/person\/c80a19151f9337b50a779fe1f512ca6a\",\"name\":\"Redacci\u00f3n\",\"image\":{\"@type\":\"ImageObject\",\"inLanguage\":\"es-AR\",\"@id\":\"https:\/\/noticiasdeescobar.online\/#\/schema\/person\/image\/\",\"url\":\"https:\/\/secure.gravatar.com\/avatar\/1db77a0acc41b20b8cbce542c0459eb4?s=96&d=mm&r=g\",\"contentUrl\":\"https:\/\/secure.gravatar.com\/avatar\/1db77a0acc41b20b8cbce542c0459eb4?s=96&d=mm&r=g\",\"caption\":\"Redacci\u00f3n\"},\"sameAs\":[\"http:\/\/noticiasdeescobar.online\"],\"url\":\"https:\/\/noticiasdeescobar.online\/?author=1\"}]}<\/script>\n<!-- \/ Yoast SEO plugin. -->","yoast_head_json":{"title":"Luego de una d\u00e9cada, detuvieron a un pr\u00f3fugo por homicidio - Noticias de Escobar","robots":{"index":"index","follow":"follow","max-snippet":"max-snippet:-1","max-image-preview":"max-image-preview:large","max-video-preview":"max-video-preview:-1"},"canonical":"https:\/\/noticiasdeescobar.online\/?p=960","og_locale":"es_ES","og_type":"article","og_title":"Luego de una d\u00e9cada, detuvieron a un pr\u00f3fugo por homicidio - Noticias de Escobar","og_description":"Cay\u00f3 en Gar\u00edn un pr\u00f3fugo por asesinato: estaba evadido desde 2015 y usaba identidad falsa.","og_url":"https:\/\/noticiasdeescobar.online\/?p=960","og_site_name":"Noticias de Escobar","article_published_time":"2025-05-24T23:43:00+00:00","article_modified_time":"2025-05-25T01:59:11+00:00","og_image":[{"width":461,"height":363,"url":"https:\/\/noticiasdeescobar.online\/wp-content\/uploads\/2025\/05\/prguf.jpg","type":"image\/jpeg"}],"author":"Redacci\u00f3n","twitter_card":"summary_large_image","twitter_misc":{"Escrito por":"Redacci\u00f3n","Tiempo de lectura":"2 minutos"},"schema":{"@context":"https:\/\/schema.org","@graph":[{"@type":"WebPage","@id":"https:\/\/noticiasdeescobar.online\/?p=960","url":"https:\/\/noticiasdeescobar.online\/?p=960","name":"Luego de una d\u00e9cada, detuvieron a un pr\u00f3fugo por homicidio - Noticias de Escobar","isPartOf":{"@id":"https:\/\/noticiasdeescobar.online\/#website"},"primaryImageOfPage":{"@id":"https:\/\/noticiasdeescobar.online\/?p=960#primaryimage"},"image":{"@id":"https:\/\/noticiasdeescobar.online\/?p=960#primaryimage"},"thumbnailUrl":"https:\/\/noticiasdeescobar.online\/wp-content\/uploads\/2025\/05\/prguf.jpg","datePublished":"2025-05-24T23:43:00+00:00","dateModified":"2025-05-25T01:59:11+00:00","author":{"@id":"https:\/\/noticiasdeescobar.online\/#\/schema\/person\/c80a19151f9337b50a779fe1f512ca6a"},"breadcrumb":{"@id":"https:\/\/noticiasdeescobar.online\/?p=960#breadcrumb"},"inLanguage":"es-AR","potentialAction":[{"@type":"ReadAction","target":["https:\/\/noticiasdeescobar.online\/?p=960"]}]},{"@type":"ImageObject","inLanguage":"es-AR","@id":"https:\/\/noticiasdeescobar.online\/?p=960#primaryimage","url":"https:\/\/noticiasdeescobar.online\/wp-content\/uploads\/2025\/05\/prguf.jpg","contentUrl":"https:\/\/noticiasdeescobar.online\/wp-content\/uploads\/2025\/05\/prguf.jpg","width":461,"height":363},{"@type":"BreadcrumbList","@id":"https:\/\/noticiasdeescobar.online\/?p=960#breadcrumb","itemListElement":[{"@type":"ListItem","position":1,"name":"Inicio","item":"https:\/\/noticiasdeescobar.online\/"},{"@type":"ListItem","position":2,"name":"Luego de una d\u00e9cada, detuvieron a un pr\u00f3fugo por homicidio"}]},{"@type":"WebSite","@id":"https:\/\/noticiasdeescobar.online\/#website","url":"https:\/\/noticiasdeescobar.online\/","name":"Noticias de Escobar","description":"Noticias 24\/7","potentialAction":[{"@type":"SearchAction","target":{"@type":"EntryPoint","urlTemplate":"https:\/\/noticiasdeescobar.online\/?s={search_term_string}"},"query-input":{"@type":"PropertyValueSpecification","valueRequired":true,"valueName":"search_term_string"}}],"inLanguage":"es-AR"},{"@type":"Person","@id":"https:\/\/noticiasdeescobar.online\/#\/schema\/person\/c80a19151f9337b50a779fe1f512ca6a","name":"Redacci\u00f3n","image":{"@type":"ImageObject","inLanguage":"es-AR","@id":"https:\/\/noticiasdeescobar.online\/#\/schema\/person\/image\/","url":"https:\/\/secure.gravatar.com\/avatar\/1db77a0acc41b20b8cbce542c0459eb4?s=96&d=mm&r=g","contentUrl":"https:\/\/secure.gravatar.com\/avatar\/1db77a0acc41b20b8cbce542c0459eb4?s=96&d=mm&r=g","caption":"Redacci\u00f3n"},"sameAs":["http:\/\/noticiasdeescobar.online"],"url":"https:\/\/noticiasdeescobar.online\/?author=1"}]}},"_links":{"self":[{"href":"https:\/\/noticiasdeescobar.online\/index.php?rest_route=\/wp\/v2\/posts\/960","targetHints":{"allow":["GET"]}}],"collection":[{"href":"https:\/\/noticiasdeescobar.online\/index.php?rest_route=\/wp\/v2\/posts"}],"about":[{"href":"https:\/\/noticiasdeescobar.online\/index.php?rest_route=\/wp\/v2\/types\/post"}],"author":[{"embeddable":true,"href":"https:\/\/noticiasdeescobar.online\/index.php?rest_route=\/wp\/v2\/users\/1"}],"replies":[{"embeddable":true,"href":"https:\/\/noticiasdeescobar.online\/index.php?rest_route=%2Fwp%2Fv2%2Fcomments&post=960"}],"version-history":[{"count":3,"href":"https:\/\/noticiasdeescobar.online\/index.php?rest_route=\/wp\/v2\/posts\/960\/revisions"}],"predecessor-version":[{"id":966,"href":"https:\/\/noticiasdeescobar.online\/index.php?rest_route=\/wp\/v2\/posts\/960\/revisions\/966"}],"wp:featuredmedia":[{"embeddable":true,"href":"https:\/\/noticiasdeescobar.online\/index.php?rest_route=\/wp\/v2\/media\/961"}],"wp:attachment":[{"href":"https:\/\/noticiasdeescobar.online\/index.php?rest_route=%2Fwp%2Fv2%2Fmedia&parent=960"}],"wp:term":[{"taxonomy":"category","embeddable":true,"href":"https:\/\/noticiasdeescobar.online\/index.php?rest_route=%2Fwp%2Fv2%2Fcategories&post=960"},{"taxonomy":"post_tag","embeddable":true,"href":"https:\/\/noticiasdeescobar.online\/index.php?rest_route=%2Fwp%2Fv2%2Ftags&post=960"}],"curies":[{"name":"wp","href":"https:\/\/api.w.org\/{rel}","templated":true}]}}