{"id":992,"date":"2025-06-02T19:34:32","date_gmt":"2025-06-02T19:34:32","guid":{"rendered":"https:\/\/noticiasdeescobar.online\/?p=992"},"modified":"2025-06-02T19:34:33","modified_gmt":"2025-06-02T19:34:33","slug":"sujarchuk-respondio-al-ataque-de-milei-contra-ian-y-su-mama","status":"publish","type":"post","link":"https:\/\/noticiasdeescobar.online\/?p=992","title":{"rendered":"Sujarchuk respondi\u00f3 al ataque de Milei contra Ian y su mam\u00e1"},"content":{"rendered":"\n<p>El intendente Ariel Sujarchuk sali\u00f3 al cruce del presidente Javier Milei tras sus recientes agresiones hacia Ian Moche, un ni\u00f1o de 11 a\u00f1os que desde su propia experiencia promueve la concientizaci\u00f3n sobre el autismo y la neurodiversidad. <\/p>\n\n\n\n<!--more-->\n\n\n\n<p>Sujarchuk expres\u00f3 en X: \u201cPresidente Javier Milei, respete la investidura con la que el pueblo lo honr\u00f3. Basta de crueldad, agresiones y ataques sin sentido. Todo mi cari\u00f1o, respaldo y compromiso con Ian Moche y su familia en su campa\u00f1a por visibilizar las problem\u00e1ticas que enfrentan las personas neurodivergentes\u201d.<\/p>\n\n\n\n<p>Ian Moche es un referente en la lucha por la inclusi\u00f3n y el respeto hacia las personas con Trastorno del Espectro Autista (TEA) y otras condiciones neurodivergentes. El presidente Javier Milei public\u00f3 una historia en sus redes sociales en la que calific\u00f3 a Ian como \u201cel lado del mal\u201d y lo vincul\u00f3 con Cristina Fern\u00e1ndez de Kirchner. De este modo, la imagen del ni\u00f1o fue utilizada para atacar al periodista Paulino Rodr\u00edguez, a quien acus\u00f3 de \u201coperar contra el Gobierno\u201d y de estar \u201csiempre del lado de los kukas\u201d.<\/p>\n\n\n\n<p>El a\u00f1o pasado, el joven visit\u00f3 Escobar para promover el programa \u201cEl Municipio TEAcompa\u00f1a\u201d. Una iniciativa que otorga una credencial azul para priorizar la atenci\u00f3n en oficinas municipales a personas con TEA y TDAH y a sus familiares, facilitando el acceso a sus derechos. En contraste con las declaraciones del presidente, Sujarchuk subray\u00f3 que estas pol\u00edticas del Municipio buscan construir una sociedad m\u00e1s justa y respetuosa, y que los ataques que recibe Ian no hacen m\u00e1s que evidenciar la necesidad de fomentar el di\u00e1logo y la empat\u00eda. \u201cLa neurodiversidad es una realidad que merece ser entendida y valorada, y seguiremos trabajando para que nadie sea discriminado por sus diferencias\u201d, concluy\u00f3 el intendente.<\/p>\n","protected":false},"excerpt":{"rendered":"<p>El intendente Ariel Sujarchuk sali\u00f3 al cruce del presidente Javier Milei tras sus recientes agresiones hacia Ian Moche, un ni\u00f1o&hellip;<\/p>\n","protected":false},"author":1,"featured_media":993,"comment_status":"open","ping_status":"open","sticky":false,"template":"","format":"standard","meta":{"_monsterinsights_skip_tracking":false,"_monsterinsights_sitenote_active":false,"_monsterinsights_sitenote_note":"","_monsterinsights_sitenote_category":0,"footnotes":""},"categories":[22],"tags":[134,173],"class_list":["post-992","post","type-post","status-publish","format-standard","has-post-thumbnail","hentry","category-politica","tag-ariel-sujarchuk","tag-javier-milei"],"yoast_head":"<!-- This site is optimized with the Yoast SEO plugin v25.3.1 - https:\/\/yoast.com\/wordpress\/plugins\/seo\/ -->\n<title>Sujarchuk respondi\u00f3 al ataque de Milei contra Ian y su mam\u00e1 - Noticias de Escobar<\/title>\n<meta name=\"robots\" content=\"index, follow, max-snippet:-1, max-image-preview:large, max-video-preview:-1\" \/>\n<link rel=\"canonical\" href=\"https:\/\/noticiasdeescobar.online\/?p=992\" \/>\n<meta property=\"og:locale\" content=\"es_ES\" \/>\n<meta property=\"og:type\" content=\"article\" \/>\n<meta property=\"og:title\" content=\"Sujarchuk respondi\u00f3 al ataque de Milei contra Ian y su mam\u00e1 - Noticias de Escobar\" \/>\n<meta property=\"og:description\" content=\"El intendente Ariel Sujarchuk sali\u00f3 al cruce del presidente Javier Milei tras sus recientes agresiones hacia Ian Moche, un ni\u00f1o&hellip;\" \/>\n<meta property=\"og:url\" content=\"https:\/\/noticiasdeescobar.online\/?p=992\" \/>\n<meta property=\"og:site_name\" content=\"Noticias de Escobar\" \/>\n<meta property=\"article:published_time\" content=\"2025-06-02T19:34:32+00:00\" \/>\n<meta property=\"article:modified_time\" content=\"2025-06-02T19:34:33+00:00\" \/>\n<meta property=\"og:image\" content=\"https:\/\/noticiasdeescobar.online\/wp-content\/uploads\/2025\/06\/5a0f4d88-9b76-4051-886e-063c08067ab3.jpg\" \/>\n\t<meta property=\"og:image:width\" content=\"1600\" \/>\n\t<meta property=\"og:image:height\" content=\"1068\" \/>\n\t<meta property=\"og:image:type\" content=\"image\/jpeg\" \/>\n<meta name=\"author\" content=\"Redacci\u00f3n\" \/>\n<meta name=\"twitter:card\" content=\"summary_large_image\" \/>\n<meta name=\"twitter:label1\" content=\"Escrito por\" \/>\n\t<meta name=\"twitter:data1\" content=\"Redacci\u00f3n\" \/>\n\t<meta name=\"twitter:label2\" content=\"Tiempo de lectura\" \/>\n\t<meta name=\"twitter:data2\" content=\"2 minutos\" \/>\n<script type=\"application\/ld+json\" class=\"yoast-schema-graph\">{\"@context\":\"https:\/\/schema.org\",\"@graph\":[{\"@type\":\"WebPage\",\"@id\":\"https:\/\/noticiasdeescobar.online\/?p=992\",\"url\":\"https:\/\/noticiasdeescobar.online\/?p=992\",\"name\":\"Sujarchuk respondi\u00f3 al ataque de Milei contra Ian y su mam\u00e1 - Noticias de Escobar\",\"isPartOf\":{\"@id\":\"https:\/\/noticiasdeescobar.online\/#website\"},\"primaryImageOfPage\":{\"@id\":\"https:\/\/noticiasdeescobar.online\/?p=992#primaryimage\"},\"image\":{\"@id\":\"https:\/\/noticiasdeescobar.online\/?p=992#primaryimage\"},\"thumbnailUrl\":\"https:\/\/noticiasdeescobar.online\/wp-content\/uploads\/2025\/06\/5a0f4d88-9b76-4051-886e-063c08067ab3.jpg\",\"datePublished\":\"2025-06-02T19:34:32+00:00\",\"dateModified\":\"2025-06-02T19:34:33+00:00\",\"author\":{\"@id\":\"https:\/\/noticiasdeescobar.online\/#\/schema\/person\/c80a19151f9337b50a779fe1f512ca6a\"},\"breadcrumb\":{\"@id\":\"https:\/\/noticiasdeescobar.online\/?p=992#breadcrumb\"},\"inLanguage\":\"es-AR\",\"potentialAction\":[{\"@type\":\"ReadAction\",\"target\":[\"https:\/\/noticiasdeescobar.online\/?p=992\"]}]},{\"@type\":\"ImageObject\",\"inLanguage\":\"es-AR\",\"@id\":\"https:\/\/noticiasdeescobar.online\/?p=992#primaryimage\",\"url\":\"https:\/\/noticiasdeescobar.online\/wp-content\/uploads\/2025\/06\/5a0f4d88-9b76-4051-886e-063c08067ab3.jpg\",\"contentUrl\":\"https:\/\/noticiasdeescobar.online\/wp-content\/uploads\/2025\/06\/5a0f4d88-9b76-4051-886e-063c08067ab3.jpg\",\"width\":1600,\"height\":1068},{\"@type\":\"BreadcrumbList\",\"@id\":\"https:\/\/noticiasdeescobar.online\/?p=992#breadcrumb\",\"itemListElement\":[{\"@type\":\"ListItem\",\"position\":1,\"name\":\"Inicio\",\"item\":\"https:\/\/noticiasdeescobar.online\/\"},{\"@type\":\"ListItem\",\"position\":2,\"name\":\"Sujarchuk respondi\u00f3 al ataque de Milei contra Ian y su mam\u00e1\"}]},{\"@type\":\"WebSite\",\"@id\":\"https:\/\/noticiasdeescobar.online\/#website\",\"url\":\"https:\/\/noticiasdeescobar.online\/\",\"name\":\"Noticias de Escobar\",\"description\":\"Noticias 24\/7\",\"potentialAction\":[{\"@type\":\"SearchAction\",\"target\":{\"@type\":\"EntryPoint\",\"urlTemplate\":\"https:\/\/noticiasdeescobar.online\/?s={search_term_string}\"},\"query-input\":{\"@type\":\"PropertyValueSpecification\",\"valueRequired\":true,\"valueName\":\"search_term_string\"}}],\"inLanguage\":\"es-AR\"},{\"@type\":\"Person\",\"@id\":\"https:\/\/noticiasdeescobar.online\/#\/schema\/person\/c80a19151f9337b50a779fe1f512ca6a\",\"name\":\"Redacci\u00f3n\",\"image\":{\"@type\":\"ImageObject\",\"inLanguage\":\"es-AR\",\"@id\":\"https:\/\/noticiasdeescobar.online\/#\/schema\/person\/image\/\",\"url\":\"https:\/\/secure.gravatar.com\/avatar\/1db77a0acc41b20b8cbce542c0459eb4?s=96&d=mm&r=g\",\"contentUrl\":\"https:\/\/secure.gravatar.com\/avatar\/1db77a0acc41b20b8cbce542c0459eb4?s=96&d=mm&r=g\",\"caption\":\"Redacci\u00f3n\"},\"sameAs\":[\"http:\/\/noticiasdeescobar.online\"],\"url\":\"https:\/\/noticiasdeescobar.online\/?author=1\"}]}<\/script>\n<!-- \/ Yoast SEO plugin. -->","yoast_head_json":{"title":"Sujarchuk respondi\u00f3 al ataque de Milei contra Ian y su mam\u00e1 - Noticias de Escobar","robots":{"index":"index","follow":"follow","max-snippet":"max-snippet:-1","max-image-preview":"max-image-preview:large","max-video-preview":"max-video-preview:-1"},"canonical":"https:\/\/noticiasdeescobar.online\/?p=992","og_locale":"es_ES","og_type":"article","og_title":"Sujarchuk respondi\u00f3 al ataque de Milei contra Ian y su mam\u00e1 - Noticias de Escobar","og_description":"El intendente Ariel Sujarchuk sali\u00f3 al cruce del presidente Javier Milei tras sus recientes agresiones hacia Ian Moche, un ni\u00f1o&hellip;","og_url":"https:\/\/noticiasdeescobar.online\/?p=992","og_site_name":"Noticias de Escobar","article_published_time":"2025-06-02T19:34:32+00:00","article_modified_time":"2025-06-02T19:34:33+00:00","og_image":[{"width":1600,"height":1068,"url":"https:\/\/noticiasdeescobar.online\/wp-content\/uploads\/2025\/06\/5a0f4d88-9b76-4051-886e-063c08067ab3.jpg","type":"image\/jpeg"}],"author":"Redacci\u00f3n","twitter_card":"summary_large_image","twitter_misc":{"Escrito por":"Redacci\u00f3n","Tiempo de lectura":"2 minutos"},"schema":{"@context":"https:\/\/schema.org","@graph":[{"@type":"WebPage","@id":"https:\/\/noticiasdeescobar.online\/?p=992","url":"https:\/\/noticiasdeescobar.online\/?p=992","name":"Sujarchuk respondi\u00f3 al ataque de Milei contra Ian y su mam\u00e1 - Noticias de Escobar","isPartOf":{"@id":"https:\/\/noticiasdeescobar.online\/#website"},"primaryImageOfPage":{"@id":"https:\/\/noticiasdeescobar.online\/?p=992#primaryimage"},"image":{"@id":"https:\/\/noticiasdeescobar.online\/?p=992#primaryimage"},"thumbnailUrl":"https:\/\/noticiasdeescobar.online\/wp-content\/uploads\/2025\/06\/5a0f4d88-9b76-4051-886e-063c08067ab3.jpg","datePublished":"2025-06-02T19:34:32+00:00","dateModified":"2025-06-02T19:34:33+00:00","author":{"@id":"https:\/\/noticiasdeescobar.online\/#\/schema\/person\/c80a19151f9337b50a779fe1f512ca6a"},"breadcrumb":{"@id":"https:\/\/noticiasdeescobar.online\/?p=992#breadcrumb"},"inLanguage":"es-AR","potentialAction":[{"@type":"ReadAction","target":["https:\/\/noticiasdeescobar.online\/?p=992"]}]},{"@type":"ImageObject","inLanguage":"es-AR","@id":"https:\/\/noticiasdeescobar.online\/?p=992#primaryimage","url":"https:\/\/noticiasdeescobar.online\/wp-content\/uploads\/2025\/06\/5a0f4d88-9b76-4051-886e-063c08067ab3.jpg","contentUrl":"https:\/\/noticiasdeescobar.online\/wp-content\/uploads\/2025\/06\/5a0f4d88-9b76-4051-886e-063c08067ab3.jpg","width":1600,"height":1068},{"@type":"BreadcrumbList","@id":"https:\/\/noticiasdeescobar.online\/?p=992#breadcrumb","itemListElement":[{"@type":"ListItem","position":1,"name":"Inicio","item":"https:\/\/noticiasdeescobar.online\/"},{"@type":"ListItem","position":2,"name":"Sujarchuk respondi\u00f3 al ataque de Milei contra Ian y su mam\u00e1"}]},{"@type":"WebSite","@id":"https:\/\/noticiasdeescobar.online\/#website","url":"https:\/\/noticiasdeescobar.online\/","name":"Noticias de Escobar","description":"Noticias 24\/7","potentialAction":[{"@type":"SearchAction","target":{"@type":"EntryPoint","urlTemplate":"https:\/\/noticiasdeescobar.online\/?s={search_term_string}"},"query-input":{"@type":"PropertyValueSpecification","valueRequired":true,"valueName":"search_term_string"}}],"inLanguage":"es-AR"},{"@type":"Person","@id":"https:\/\/noticiasdeescobar.online\/#\/schema\/person\/c80a19151f9337b50a779fe1f512ca6a","name":"Redacci\u00f3n","image":{"@type":"ImageObject","inLanguage":"es-AR","@id":"https:\/\/noticiasdeescobar.online\/#\/schema\/person\/image\/","url":"https:\/\/secure.gravatar.com\/avatar\/1db77a0acc41b20b8cbce542c0459eb4?s=96&d=mm&r=g","contentUrl":"https:\/\/secure.gravatar.com\/avatar\/1db77a0acc41b20b8cbce542c0459eb4?s=96&d=mm&r=g","caption":"Redacci\u00f3n"},"sameAs":["http:\/\/noticiasdeescobar.online"],"url":"https:\/\/noticiasdeescobar.online\/?author=1"}]}},"_links":{"self":[{"href":"https:\/\/noticiasdeescobar.online\/index.php?rest_route=\/wp\/v2\/posts\/992","targetHints":{"allow":["GET"]}}],"collection":[{"href":"https:\/\/noticiasdeescobar.online\/index.php?rest_route=\/wp\/v2\/posts"}],"about":[{"href":"https:\/\/noticiasdeescobar.online\/index.php?rest_route=\/wp\/v2\/types\/post"}],"author":[{"embeddable":true,"href":"https:\/\/noticiasdeescobar.online\/index.php?rest_route=\/wp\/v2\/users\/1"}],"replies":[{"embeddable":true,"href":"https:\/\/noticiasdeescobar.online\/index.php?rest_route=%2Fwp%2Fv2%2Fcomments&post=992"}],"version-history":[{"count":1,"href":"https:\/\/noticiasdeescobar.online\/index.php?rest_route=\/wp\/v2\/posts\/992\/revisions"}],"predecessor-version":[{"id":994,"href":"https:\/\/noticiasdeescobar.online\/index.php?rest_route=\/wp\/v2\/posts\/992\/revisions\/994"}],"wp:featuredmedia":[{"embeddable":true,"href":"https:\/\/noticiasdeescobar.online\/index.php?rest_route=\/wp\/v2\/media\/993"}],"wp:attachment":[{"href":"https:\/\/noticiasdeescobar.online\/index.php?rest_route=%2Fwp%2Fv2%2Fmedia&parent=992"}],"wp:term":[{"taxonomy":"category","embeddable":true,"href":"https:\/\/noticiasdeescobar.online\/index.php?rest_route=%2Fwp%2Fv2%2Fcategories&post=992"},{"taxonomy":"post_tag","embeddable":true,"href":"https:\/\/noticiasdeescobar.online\/index.php?rest_route=%2Fwp%2Fv2%2Ftags&post=992"}],"curies":[{"name":"wp","href":"https:\/\/api.w.org\/{rel}","templated":true}]}}